{"id":4936,"date":"2025-02-13T21:10:58","date_gmt":"2025-02-13T20:10:58","guid":{"rendered":"https:\/\/987aldia.com\/web\/el-congreso-provincial-del-psoe-de-leon-se-llevara-a-cabo-el-30-de-marzo-no-te-lo-pierdas\/"},"modified":"2025-02-13T21:10:58","modified_gmt":"2025-02-13T20:10:58","slug":"el-congreso-provincial-del-psoe-de-leon-se-llevara-a-cabo-el-30-de-marzo-no-te-lo-pierdas","status":"publish","type":"post","link":"https:\/\/987aldia.com\/web\/el-congreso-provincial-del-psoe-de-leon-se-llevara-a-cabo-el-30-de-marzo-no-te-lo-pierdas\/","title":{"rendered":"El Congreso Provincial del PSOE de Le\u00f3n se llevar\u00e1 a cabo el 30 de marzo. \u00a1No te lo pierdas!"},"content":{"rendered":"<p>El Partido Socialista Obrero Espa\u00f1ol (PSOE) de Le\u00f3n se prepara para un importante evento pol\u00edtico que marcar\u00e1 el rumbo del partido en la provincia. El Congreso Provincial, previsto para el 30 de marzo, ser\u00e1 el escenario donde se llevar\u00e1 a cabo la renovaci\u00f3n del proyecto socialista en la regi\u00f3n.<\/p>\n<p>Con la mirada puesta en mantener el liderazgo en el gobierno provincial y contribuir a la victoria del PSOE tanto en Castilla y Le\u00f3n como a nivel nacional, este congreso se presenta como un punto clave para definir estrategias y fortalecer la presencia del partido en la regi\u00f3n.<\/p>\n<p>Se espera que durante el evento se aborden temas de importancia para la provincia de Le\u00f3n, as\u00ed como se discutan propuestas y l\u00edneas de acci\u00f3n que permitan al PSOE seguir siendo una fuerza pol\u00edtica relevante en la regi\u00f3n. Sin duda, el Congreso Provincial del PSOE de Le\u00f3n promete ser un espacio de debate y reflexi\u00f3n en el que se sentar\u00e1n las bases para el futuro del partido en la provincia.<\/p>\n","protected":false},"excerpt":{"rendered":"<p>El Partido Socialista Obrero Espa\u00f1ol (PSOE) de Le\u00f3n se prepara para un importante evento pol\u00edtico que marcar\u00e1 el rumbo del partido en la provincia. El Congreso Provincial, previsto para el 30 de marzo, ser\u00e1 el escenario donde se llevar\u00e1 a cabo la renovaci\u00f3n del proyecto socialista en la regi\u00f3n. Con la mirada puesta en mantener [&hellip;]<\/p>\n","protected":false},"author":1,"featured_media":4937,"comment_status":"open","ping_status":"closed","sticky":false,"template":"","format":"standard","meta":{"_monsterinsights_skip_tracking":false,"_monsterinsights_sitenote_active":false,"_monsterinsights_sitenote_note":"","_monsterinsights_sitenote_category":0,"site-container-style":"default","site-container-layout":"default","site-sidebar-layout":"default","disable-article-header":"default","disable-site-header":"default","disable-site-footer":"default","disable-content-area-spacing":"default","_jetpack_memberships_contains_paid_content":false,"footnotes":"","jetpack_publicize_message":"","jetpack_publicize_feature_enabled":true,"jetpack_social_post_already_shared":true,"jetpack_social_options":{"image_generator_settings":{"template":"highway","default_image_id":0,"font":"","enabled":false},"version":2}},"categories":[1],"tags":[],"class_list":["post-4936","post","type-post","status-publish","format-standard","has-post-thumbnail","hentry","category-uncategorized"],"jetpack_publicize_connections":[],"jetpack_featured_media_url":"https:\/\/987aldia.com\/web\/wp-content\/uploads\/2025\/02\/67ae51d286e1c.jpg","jetpack_sharing_enabled":true,"_links":{"self":[{"href":"https:\/\/987aldia.com\/web\/wp-json\/wp\/v2\/posts\/4936","targetHints":{"allow":["GET"]}}],"collection":[{"href":"https:\/\/987aldia.com\/web\/wp-json\/wp\/v2\/posts"}],"about":[{"href":"https:\/\/987aldia.com\/web\/wp-json\/wp\/v2\/types\/post"}],"author":[{"embeddable":true,"href":"https:\/\/987aldia.com\/web\/wp-json\/wp\/v2\/users\/1"}],"replies":[{"embeddable":true,"href":"https:\/\/987aldia.com\/web\/wp-json\/wp\/v2\/comments?post=4936"}],"version-history":[{"count":0,"href":"https:\/\/987aldia.com\/web\/wp-json\/wp\/v2\/posts\/4936\/revisions"}],"wp:featuredmedia":[{"embeddable":true,"href":"https:\/\/987aldia.com\/web\/wp-json\/wp\/v2\/media\/4937"}],"wp:attachment":[{"href":"https:\/\/987aldia.com\/web\/wp-json\/wp\/v2\/media?parent=4936"}],"wp:term":[{"taxonomy":"category","embeddable":true,"href":"https:\/\/987aldia.com\/web\/wp-json\/wp\/v2\/categories?post=4936"},{"taxonomy":"post_tag","embeddable":true,"href":"https:\/\/987aldia.com\/web\/wp-json\/wp\/v2\/tags?post=4936"}],"curies":[{"name":"wp","href":"https:\/\/api.w.org\/{rel}","templated":true}]}}