{"id":4946,"date":"2025-02-14T07:07:21","date_gmt":"2025-02-14T06:07:21","guid":{"rendered":"https:\/\/987aldia.com\/web\/las-pedanias-toman-el-centro-de-atencion-en-la-semana-cultural-del-botillo-de-bembibre-con-una-feria-de-40-puestos\/"},"modified":"2025-02-14T07:07:21","modified_gmt":"2025-02-14T06:07:21","slug":"las-pedanias-toman-el-centro-de-atencion-en-la-semana-cultural-del-botillo-de-bembibre-con-una-feria-de-40-puestos","status":"publish","type":"post","link":"https:\/\/987aldia.com\/web\/las-pedanias-toman-el-centro-de-atencion-en-la-semana-cultural-del-botillo-de-bembibre-con-una-feria-de-40-puestos\/","title":{"rendered":"Las pedan\u00edas toman el centro de atenci\u00f3n en la Semana Cultural del Botillo de Bembibre con una Feria de 40 puestos."},"content":{"rendered":"<p>Las pedan\u00edas de Bembibre se preparan para ser el epicentro de la Semana Cultural del Botillo, evento que promete reunir a los amantes de la gastronom\u00eda tradicional y la cultura popular. Con la participaci\u00f3n de 40 puestos en la feria, se espera un ambiente festivo y lleno de sabores aut\u00e9nticos.<\/p>\n<p>El pistoletazo de salida ser\u00e1 este viernes 14 de febrero, con la apertura de la feria que contar\u00e1 con productos locales, artesan\u00eda y actividades para toda la familia. Sin embargo, el plato fuerte llegar\u00e1 el s\u00e1bado 22 con la cena de gala que tendr\u00e1 como invitada especial a la reconocida periodista Sonsoles \u00d3nega.<\/p>\n<p>Se espera que esta Semana Cultural del Botillo sea un \u00e9xito y una oportunidad para poner en valor las tradiciones y la riqueza culinaria de la regi\u00f3n. Los habitantes y visitantes podr\u00e1n disfrutar de una experiencia \u00fanica que fusiona el sabor del botillo con la alegr\u00eda de las fiestas populares.<\/p>\n","protected":false},"excerpt":{"rendered":"<p>Las pedan\u00edas de Bembibre se preparan para ser el epicentro de la Semana Cultural del Botillo, evento que promete reunir a los amantes de la gastronom\u00eda tradicional y la cultura popular. Con la participaci\u00f3n de 40 puestos en la feria, se espera un ambiente festivo y lleno de sabores aut\u00e9nticos. El pistoletazo de salida ser\u00e1 [&hellip;]<\/p>\n","protected":false},"author":1,"featured_media":4947,"comment_status":"open","ping_status":"closed","sticky":false,"template":"","format":"standard","meta":{"_monsterinsights_skip_tracking":false,"_monsterinsights_sitenote_active":false,"_monsterinsights_sitenote_note":"","_monsterinsights_sitenote_category":0,"site-container-style":"default","site-container-layout":"default","site-sidebar-layout":"default","disable-article-header":"default","disable-site-header":"default","disable-site-footer":"default","disable-content-area-spacing":"default","_jetpack_memberships_contains_paid_content":false,"footnotes":"","jetpack_publicize_message":"","jetpack_publicize_feature_enabled":true,"jetpack_social_post_already_shared":true,"jetpack_social_options":{"image_generator_settings":{"template":"highway","default_image_id":0,"font":"","enabled":false},"version":2}},"categories":[1],"tags":[],"class_list":["post-4946","post","type-post","status-publish","format-standard","has-post-thumbnail","hentry","category-uncategorized"],"jetpack_publicize_connections":[],"jetpack_featured_media_url":"https:\/\/987aldia.com\/web\/wp-content\/uploads\/2025\/02\/67aedd997a261.jpg","jetpack_sharing_enabled":true,"_links":{"self":[{"href":"https:\/\/987aldia.com\/web\/wp-json\/wp\/v2\/posts\/4946","targetHints":{"allow":["GET"]}}],"collection":[{"href":"https:\/\/987aldia.com\/web\/wp-json\/wp\/v2\/posts"}],"about":[{"href":"https:\/\/987aldia.com\/web\/wp-json\/wp\/v2\/types\/post"}],"author":[{"embeddable":true,"href":"https:\/\/987aldia.com\/web\/wp-json\/wp\/v2\/users\/1"}],"replies":[{"embeddable":true,"href":"https:\/\/987aldia.com\/web\/wp-json\/wp\/v2\/comments?post=4946"}],"version-history":[{"count":0,"href":"https:\/\/987aldia.com\/web\/wp-json\/wp\/v2\/posts\/4946\/revisions"}],"wp:featuredmedia":[{"embeddable":true,"href":"https:\/\/987aldia.com\/web\/wp-json\/wp\/v2\/media\/4947"}],"wp:attachment":[{"href":"https:\/\/987aldia.com\/web\/wp-json\/wp\/v2\/media?parent=4946"}],"wp:term":[{"taxonomy":"category","embeddable":true,"href":"https:\/\/987aldia.com\/web\/wp-json\/wp\/v2\/categories?post=4946"},{"taxonomy":"post_tag","embeddable":true,"href":"https:\/\/987aldia.com\/web\/wp-json\/wp\/v2\/tags?post=4946"}],"curies":[{"name":"wp","href":"https:\/\/api.w.org\/{rel}","templated":true}]}}