{"id":4948,"date":"2025-02-14T09:10:27","date_gmt":"2025-02-14T08:10:27","guid":{"rendered":"https:\/\/987aldia.com\/web\/bembibre-planea-licitar-la-planta-de-reciclaje-solar-en-un-mes\/"},"modified":"2025-02-14T09:10:27","modified_gmt":"2025-02-14T08:10:27","slug":"bembibre-planea-licitar-la-planta-de-reciclaje-solar-en-un-mes","status":"publish","type":"post","link":"https:\/\/987aldia.com\/web\/bembibre-planea-licitar-la-planta-de-reciclaje-solar-en-un-mes\/","title":{"rendered":"Bembibre planea licitar la planta de reciclaje solar en un mes"},"content":{"rendered":"<p>En un plazo de un mes, el municipio de Bembibre ha lanzado la licitaci\u00f3n para la construcci\u00f3n de una planta de reciclaje solar, en un esfuerzo por avanzar hacia un modelo m\u00e1s sostenible y respetuoso con el medio ambiente. El proyecto, que ha recibido la aprobaci\u00f3n del Instituto de Tecnolog\u00eda y Jardiner\u00eda (ITJ), ha despertado el inter\u00e9s de diversas empresas del sector energ\u00e9tico.<\/p>\n<p>El Ayuntamiento de Bembibre ha tomado la decisi\u00f3n de otorgar una mayor puntuaci\u00f3n al proyecto, consider\u00e1ndolo como una medida clave para promover el desarrollo sostenible en la regi\u00f3n. Esta planta de reciclaje solar no solo contribuir\u00e1 a la generaci\u00f3n de energ\u00eda limpia, sino que tambi\u00e9n fomentar\u00e1 la econom\u00eda local y la creaci\u00f3n de empleo en la zona.<\/p>\n<p>Con esta iniciativa, Bembibre se posiciona como un referente en la implementaci\u00f3n de tecnolog\u00edas renovables, demostrando su compromiso con la protecci\u00f3n del entorno y la b\u00fasqueda de alternativas energ\u00e9ticas m\u00e1s eficientes. Se espera que la planta de reciclaje solar sea un proyecto emblem\u00e1tico que inspire a otras localidades a seguir su ejemplo en la transici\u00f3n hacia un futuro m\u00e1s sostenible.<\/p>\n","protected":false},"excerpt":{"rendered":"<p>En un plazo de un mes, el municipio de Bembibre ha lanzado la licitaci\u00f3n para la construcci\u00f3n de una planta de reciclaje solar, en un esfuerzo por avanzar hacia un modelo m\u00e1s sostenible y respetuoso con el medio ambiente. El proyecto, que ha recibido la aprobaci\u00f3n del Instituto de Tecnolog\u00eda y Jardiner\u00eda (ITJ), ha despertado [&hellip;]<\/p>\n","protected":false},"author":1,"featured_media":4949,"comment_status":"open","ping_status":"closed","sticky":false,"template":"","format":"standard","meta":{"_monsterinsights_skip_tracking":false,"_monsterinsights_sitenote_active":false,"_monsterinsights_sitenote_note":"","_monsterinsights_sitenote_category":0,"site-container-style":"default","site-container-layout":"default","site-sidebar-layout":"default","disable-article-header":"default","disable-site-header":"default","disable-site-footer":"default","disable-content-area-spacing":"default","_jetpack_memberships_contains_paid_content":false,"footnotes":"","jetpack_publicize_message":"","jetpack_publicize_feature_enabled":true,"jetpack_social_post_already_shared":true,"jetpack_social_options":{"image_generator_settings":{"template":"highway","default_image_id":0,"font":"","enabled":false},"version":2}},"categories":[1],"tags":[],"class_list":["post-4948","post","type-post","status-publish","format-standard","has-post-thumbnail","hentry","category-uncategorized"],"jetpack_publicize_connections":[],"jetpack_featured_media_url":"https:\/\/987aldia.com\/web\/wp-content\/uploads\/2025\/02\/67aefa73a2a1e.jpg","jetpack_sharing_enabled":true,"_links":{"self":[{"href":"https:\/\/987aldia.com\/web\/wp-json\/wp\/v2\/posts\/4948","targetHints":{"allow":["GET"]}}],"collection":[{"href":"https:\/\/987aldia.com\/web\/wp-json\/wp\/v2\/posts"}],"about":[{"href":"https:\/\/987aldia.com\/web\/wp-json\/wp\/v2\/types\/post"}],"author":[{"embeddable":true,"href":"https:\/\/987aldia.com\/web\/wp-json\/wp\/v2\/users\/1"}],"replies":[{"embeddable":true,"href":"https:\/\/987aldia.com\/web\/wp-json\/wp\/v2\/comments?post=4948"}],"version-history":[{"count":0,"href":"https:\/\/987aldia.com\/web\/wp-json\/wp\/v2\/posts\/4948\/revisions"}],"wp:featuredmedia":[{"embeddable":true,"href":"https:\/\/987aldia.com\/web\/wp-json\/wp\/v2\/media\/4949"}],"wp:attachment":[{"href":"https:\/\/987aldia.com\/web\/wp-json\/wp\/v2\/media?parent=4948"}],"wp:term":[{"taxonomy":"category","embeddable":true,"href":"https:\/\/987aldia.com\/web\/wp-json\/wp\/v2\/categories?post=4948"},{"taxonomy":"post_tag","embeddable":true,"href":"https:\/\/987aldia.com\/web\/wp-json\/wp\/v2\/tags?post=4948"}],"curies":[{"name":"wp","href":"https:\/\/api.w.org\/{rel}","templated":true}]}}