{"id":4950,"date":"2025-02-14T11:06:42","date_gmt":"2025-02-14T10:06:42","guid":{"rendered":"https:\/\/987aldia.com\/web\/ponferrada-restaura-la-historia-de-jeronima-blanco-y-su-hijo\/"},"modified":"2025-02-14T11:06:42","modified_gmt":"2025-02-14T10:06:42","slug":"ponferrada-restaura-la-historia-de-jeronima-blanco-y-su-hijo","status":"publish","type":"post","link":"https:\/\/987aldia.com\/web\/ponferrada-restaura-la-historia-de-jeronima-blanco-y-su-hijo\/","title":{"rendered":"Ponferrada restaura la historia de Jer\u00f3nima Blanco y su hijo"},"content":{"rendered":"<p>En un acto de reparaci\u00f3n hist\u00f3rica, el Ayuntamiento de Ponferrada ha decidido restaurar la memoria de Jer\u00f3nima Blanco y su hijo, quienes hab\u00edan sido v\u00edctimas de un acto vand\u00e1lico que da\u00f1\u00f3 el monolito en su honor. La historia de esta valiente mujer y su hijo ha vuelto a brillar en la ciudad tras la colocaci\u00f3n de una nueva fotograf\u00eda en el lugar donde anteriormente se encontraba el monumento vandalizado.<\/p>\n<p>Jer\u00f3nima Blanco fue una figura destacada en la historia local, conocida por su lucha incansable en defensa de los derechos de las mujeres y de los m\u00e1s desfavorecidos. Su legado de valent\u00eda y compromiso social ha sido rescatado del olvido gracias a la iniciativa del Ayuntamiento de Ponferrada, que ha querido rendirle un merecido homenaje.<\/p>\n<p>La comunidad ponferradina celebra esta acci\u00f3n como un gesto de justicia hacia una mujer que dedic\u00f3 su vida a la lucha por la igualdad y la justicia. La nueva fotograf\u00eda en el monolito vandalizado se erige como un recordatorio de la importancia de preservar la memoria de aquellos que, como Jer\u00f3nima Blanco, contribuyeron a construir un mundo m\u00e1s justo y equitativo para todos.<\/p>\n","protected":false},"excerpt":{"rendered":"<p>En un acto de reparaci\u00f3n hist\u00f3rica, el Ayuntamiento de Ponferrada ha decidido restaurar la memoria de Jer\u00f3nima Blanco y su hijo, quienes hab\u00edan sido v\u00edctimas de un acto vand\u00e1lico que da\u00f1\u00f3 el monolito en su honor. La historia de esta valiente mujer y su hijo ha vuelto a brillar en la ciudad tras la colocaci\u00f3n [&hellip;]<\/p>\n","protected":false},"author":1,"featured_media":4951,"comment_status":"open","ping_status":"closed","sticky":false,"template":"","format":"standard","meta":{"_monsterinsights_skip_tracking":false,"_monsterinsights_sitenote_active":false,"_monsterinsights_sitenote_note":"","_monsterinsights_sitenote_category":0,"site-container-style":"default","site-container-layout":"default","site-sidebar-layout":"default","disable-article-header":"default","disable-site-header":"default","disable-site-footer":"default","disable-content-area-spacing":"default","_jetpack_memberships_contains_paid_content":false,"footnotes":"","jetpack_publicize_message":"","jetpack_publicize_feature_enabled":true,"jetpack_social_post_already_shared":true,"jetpack_social_options":{"image_generator_settings":{"template":"highway","default_image_id":0,"font":"","enabled":false},"version":2}},"categories":[1],"tags":[],"class_list":["post-4950","post","type-post","status-publish","format-standard","has-post-thumbnail","hentry","category-uncategorized"],"jetpack_publicize_connections":[],"jetpack_featured_media_url":"https:\/\/987aldia.com\/web\/wp-content\/uploads\/2025\/02\/67af15b2a1aa0.jpg","jetpack_sharing_enabled":true,"_links":{"self":[{"href":"https:\/\/987aldia.com\/web\/wp-json\/wp\/v2\/posts\/4950","targetHints":{"allow":["GET"]}}],"collection":[{"href":"https:\/\/987aldia.com\/web\/wp-json\/wp\/v2\/posts"}],"about":[{"href":"https:\/\/987aldia.com\/web\/wp-json\/wp\/v2\/types\/post"}],"author":[{"embeddable":true,"href":"https:\/\/987aldia.com\/web\/wp-json\/wp\/v2\/users\/1"}],"replies":[{"embeddable":true,"href":"https:\/\/987aldia.com\/web\/wp-json\/wp\/v2\/comments?post=4950"}],"version-history":[{"count":0,"href":"https:\/\/987aldia.com\/web\/wp-json\/wp\/v2\/posts\/4950\/revisions"}],"wp:featuredmedia":[{"embeddable":true,"href":"https:\/\/987aldia.com\/web\/wp-json\/wp\/v2\/media\/4951"}],"wp:attachment":[{"href":"https:\/\/987aldia.com\/web\/wp-json\/wp\/v2\/media?parent=4950"}],"wp:term":[{"taxonomy":"category","embeddable":true,"href":"https:\/\/987aldia.com\/web\/wp-json\/wp\/v2\/categories?post=4950"},{"taxonomy":"post_tag","embeddable":true,"href":"https:\/\/987aldia.com\/web\/wp-json\/wp\/v2\/tags?post=4950"}],"curies":[{"name":"wp","href":"https:\/\/api.w.org\/{rel}","templated":true}]}}