{"id":4956,"date":"2025-02-14T17:05:53","date_gmt":"2025-02-14T16:05:53","guid":{"rendered":"https:\/\/987aldia.com\/web\/el-ayuntamiento-de-fabero-se-ve-obligado-a-cumplir-normativa-europea-y-subir-tarifas-de-basura\/"},"modified":"2025-02-14T17:05:53","modified_gmt":"2025-02-14T16:05:53","slug":"el-ayuntamiento-de-fabero-se-ve-obligado-a-cumplir-normativa-europea-y-subir-tarifas-de-basura","status":"publish","type":"post","link":"https:\/\/987aldia.com\/web\/el-ayuntamiento-de-fabero-se-ve-obligado-a-cumplir-normativa-europea-y-subir-tarifas-de-basura\/","title":{"rendered":"El Ayuntamiento de Fabero se ve obligado a cumplir normativa europea y subir tarifas de basura"},"content":{"rendered":"<p>El Ayuntamiento de Fabero ha anunciado que se ver\u00e1 obligado a aumentar las tarifas de recogida de basura en cumplimiento con la normativa europea en materia de gesti\u00f3n de residuos. Esta medida, que no afectar\u00e1 a los servicios de agua y alcantarillado, busca garantizar un adecuado tratamiento de los desechos y cumplir con los est\u00e1ndares establecidos a nivel comunitario.<\/p>\n<p>Seg\u00fan fuentes municipales, la subida en el costo de la basura ser\u00e1 necesaria para mejorar la eficiencia en la recolecci\u00f3n y clasificaci\u00f3n de residuos, as\u00ed como para implementar medidas que fomenten la reducci\u00f3n y el reciclaje. Aunque esta decisi\u00f3n pueda suponer un ajuste econ\u00f3mico para los ciudadanos, se espera que contribuya a la preservaci\u00f3n del medio ambiente y al cumplimiento de las directrices establecidas por la Uni\u00f3n Europea en materia de gesti\u00f3n sostenible de residuos.<\/p>\n<p>Por su parte, desde el consistorio se ha se\u00f1alado que se trabajar\u00e1 en la concienciaci\u00f3n de la poblaci\u00f3n sobre la importancia de la separaci\u00f3n de residuos y el uso responsable de los servicios de recogida, con el objetivo de promover pr\u00e1cticas m\u00e1s sostenibles y respetuosas con el entorno.<\/p>\n<p>Esta medida se enmarca dentro de un contexto m\u00e1s amplio de adaptaci\u00f3n a las normativas europeas en materia medioambiental, con el fin de garantizar un adecuado tratamiento de los residuos y contribuir a la construcci\u00f3n de una sociedad m\u00e1s sostenible y comprometida con la protecci\u00f3n del planeta.<\/p>\n","protected":false},"excerpt":{"rendered":"<p>El Ayuntamiento de Fabero ha anunciado que se ver\u00e1 obligado a aumentar las tarifas de recogida de basura en cumplimiento con la normativa europea en materia de gesti\u00f3n de residuos. Esta medida, que no afectar\u00e1 a los servicios de agua y alcantarillado, busca garantizar un adecuado tratamiento de los desechos y cumplir con los est\u00e1ndares [&hellip;]<\/p>\n","protected":false},"author":1,"featured_media":4957,"comment_status":"open","ping_status":"closed","sticky":false,"template":"","format":"standard","meta":{"_monsterinsights_skip_tracking":false,"_monsterinsights_sitenote_active":false,"_monsterinsights_sitenote_note":"","_monsterinsights_sitenote_category":0,"site-container-style":"default","site-container-layout":"default","site-sidebar-layout":"default","disable-article-header":"default","disable-site-header":"default","disable-site-footer":"default","disable-content-area-spacing":"default","_jetpack_memberships_contains_paid_content":false,"footnotes":"","jetpack_publicize_message":"","jetpack_publicize_feature_enabled":true,"jetpack_social_post_already_shared":true,"jetpack_social_options":{"image_generator_settings":{"template":"highway","default_image_id":0,"font":"","enabled":false},"version":2}},"categories":[1],"tags":[],"class_list":["post-4956","post","type-post","status-publish","format-standard","has-post-thumbnail","hentry","category-uncategorized"],"jetpack_publicize_connections":[],"jetpack_featured_media_url":"https:\/\/987aldia.com\/web\/wp-content\/uploads\/2025\/02\/67af69e1132ff.jpg","jetpack_sharing_enabled":true,"_links":{"self":[{"href":"https:\/\/987aldia.com\/web\/wp-json\/wp\/v2\/posts\/4956","targetHints":{"allow":["GET"]}}],"collection":[{"href":"https:\/\/987aldia.com\/web\/wp-json\/wp\/v2\/posts"}],"about":[{"href":"https:\/\/987aldia.com\/web\/wp-json\/wp\/v2\/types\/post"}],"author":[{"embeddable":true,"href":"https:\/\/987aldia.com\/web\/wp-json\/wp\/v2\/users\/1"}],"replies":[{"embeddable":true,"href":"https:\/\/987aldia.com\/web\/wp-json\/wp\/v2\/comments?post=4956"}],"version-history":[{"count":0,"href":"https:\/\/987aldia.com\/web\/wp-json\/wp\/v2\/posts\/4956\/revisions"}],"wp:featuredmedia":[{"embeddable":true,"href":"https:\/\/987aldia.com\/web\/wp-json\/wp\/v2\/media\/4957"}],"wp:attachment":[{"href":"https:\/\/987aldia.com\/web\/wp-json\/wp\/v2\/media?parent=4956"}],"wp:term":[{"taxonomy":"category","embeddable":true,"href":"https:\/\/987aldia.com\/web\/wp-json\/wp\/v2\/categories?post=4956"},{"taxonomy":"post_tag","embeddable":true,"href":"https:\/\/987aldia.com\/web\/wp-json\/wp\/v2\/tags?post=4956"}],"curies":[{"name":"wp","href":"https:\/\/api.w.org\/{rel}","templated":true}]}}