{"id":4958,"date":"2025-02-14T19:08:01","date_gmt":"2025-02-14T18:08:01","guid":{"rendered":"https:\/\/987aldia.com\/web\/la-junta-impulsa-la-agrupacion-de-proteccion-civil-en-carracedelo\/"},"modified":"2025-02-14T19:08:01","modified_gmt":"2025-02-14T18:08:01","slug":"la-junta-impulsa-la-agrupacion-de-proteccion-civil-en-carracedelo","status":"publish","type":"post","link":"https:\/\/987aldia.com\/web\/la-junta-impulsa-la-agrupacion-de-proteccion-civil-en-carracedelo\/","title":{"rendered":"La Junta impulsa la Agrupaci\u00f3n de Protecci\u00f3n Civil en Carracedelo"},"content":{"rendered":"<p>La Agrupaci\u00f3n de Protecci\u00f3n Civil de Carracedelo ha recibido un importante impulso gracias a la colaboraci\u00f3n de la Junta de Castilla y Le\u00f3n. En un gesto de apoyo a la labor desempe\u00f1ada por estos voluntarios, el consejero Juan Carlos Su\u00e1rez-Qui\u00f1ones ha entregado un nuevo todoterreno que fortalecer\u00e1 las labores de rescate y asistencia en situaciones de emergencia.<\/p>\n<p>El presidente de la Agrupaci\u00f3n, Ra\u00fal Valcarce, expres\u00f3 su agradecimiento al consejero por este importante recurso, que sin duda contribuir\u00e1 a mejorar la capacidad de respuesta ante posibles contingencias en la localidad. Este gesto de reconocimiento por parte de las autoridades regionales destaca la importancia del trabajo realizado por los voluntarios de Protecci\u00f3n Civil, quienes dedican su tiempo y esfuerzo a velar por la seguridad y bienestar de la comunidad.<\/p>\n<p>Con esta adquisici\u00f3n, la Agrupaci\u00f3n de Protecci\u00f3n Civil de Carracedelo se ve fortalecida en su misi\u00f3n de proteger a los ciudadanos en situaciones de riesgo, demostrando una vez m\u00e1s la importancia de contar con recursos adecuados para hacer frente a cualquier eventualidad.<\/p>\n","protected":false},"excerpt":{"rendered":"<p>La Agrupaci\u00f3n de Protecci\u00f3n Civil de Carracedelo ha recibido un importante impulso gracias a la colaboraci\u00f3n de la Junta de Castilla y Le\u00f3n. En un gesto de apoyo a la labor desempe\u00f1ada por estos voluntarios, el consejero Juan Carlos Su\u00e1rez-Qui\u00f1ones ha entregado un nuevo todoterreno que fortalecer\u00e1 las labores de rescate y asistencia en situaciones [&hellip;]<\/p>\n","protected":false},"author":1,"featured_media":4959,"comment_status":"open","ping_status":"closed","sticky":false,"template":"","format":"standard","meta":{"_monsterinsights_skip_tracking":false,"_monsterinsights_sitenote_active":false,"_monsterinsights_sitenote_note":"","_monsterinsights_sitenote_category":0,"site-container-style":"default","site-container-layout":"default","site-sidebar-layout":"default","disable-article-header":"default","disable-site-header":"default","disable-site-footer":"default","disable-content-area-spacing":"default","_jetpack_memberships_contains_paid_content":false,"footnotes":"","jetpack_publicize_message":"","jetpack_publicize_feature_enabled":true,"jetpack_social_post_already_shared":true,"jetpack_social_options":{"image_generator_settings":{"template":"highway","default_image_id":0,"font":"","enabled":false},"version":2}},"categories":[1],"tags":[],"class_list":["post-4958","post","type-post","status-publish","format-standard","has-post-thumbnail","hentry","category-uncategorized"],"jetpack_publicize_connections":[],"jetpack_featured_media_url":"https:\/\/987aldia.com\/web\/wp-content\/uploads\/2025\/02\/67af86819b0f2.jpg","jetpack_sharing_enabled":true,"_links":{"self":[{"href":"https:\/\/987aldia.com\/web\/wp-json\/wp\/v2\/posts\/4958","targetHints":{"allow":["GET"]}}],"collection":[{"href":"https:\/\/987aldia.com\/web\/wp-json\/wp\/v2\/posts"}],"about":[{"href":"https:\/\/987aldia.com\/web\/wp-json\/wp\/v2\/types\/post"}],"author":[{"embeddable":true,"href":"https:\/\/987aldia.com\/web\/wp-json\/wp\/v2\/users\/1"}],"replies":[{"embeddable":true,"href":"https:\/\/987aldia.com\/web\/wp-json\/wp\/v2\/comments?post=4958"}],"version-history":[{"count":0,"href":"https:\/\/987aldia.com\/web\/wp-json\/wp\/v2\/posts\/4958\/revisions"}],"wp:featuredmedia":[{"embeddable":true,"href":"https:\/\/987aldia.com\/web\/wp-json\/wp\/v2\/media\/4959"}],"wp:attachment":[{"href":"https:\/\/987aldia.com\/web\/wp-json\/wp\/v2\/media?parent=4958"}],"wp:term":[{"taxonomy":"category","embeddable":true,"href":"https:\/\/987aldia.com\/web\/wp-json\/wp\/v2\/categories?post=4958"},{"taxonomy":"post_tag","embeddable":true,"href":"https:\/\/987aldia.com\/web\/wp-json\/wp\/v2\/tags?post=4958"}],"curies":[{"name":"wp","href":"https:\/\/api.w.org\/{rel}","templated":true}]}}