{"id":4974,"date":"2025-02-15T15:06:22","date_gmt":"2025-02-15T14:06:22","guid":{"rendered":"https:\/\/987aldia.com\/web\/siete-integrantes-del-equipo-acuatico-leon-clasifican-al-campeonato-nacional\/"},"modified":"2025-02-15T15:06:22","modified_gmt":"2025-02-15T14:06:22","slug":"siete-integrantes-del-equipo-acuatico-leon-clasifican-al-campeonato-nacional","status":"publish","type":"post","link":"https:\/\/987aldia.com\/web\/siete-integrantes-del-equipo-acuatico-leon-clasifican-al-campeonato-nacional\/","title":{"rendered":"Siete integrantes del equipo Acu\u00e1tico Le\u00f3n clasifican al Campeonato Nacional."},"content":{"rendered":"<p>Siete talentosos nadadores del club Acu\u00e1tico Le\u00f3n se encuentran listos y emocionados para representar a la ciudad en el pr\u00f3ximo Campeonato Nacional de Nataci\u00f3n, que se llevar\u00e1 a cabo este fin de semana en Palma de Mallorca. Estos j\u00f3venes atletas, luego de intensos entrenamientos y sacrificios, han logrado destacar en competencias locales y regionales, demostrando su dedicaci\u00f3n y pasi\u00f3n por este deporte acu\u00e1tico.<\/p>\n<p>El club Acu\u00e1tico Le\u00f3n, reconocido por su constante labor en la formaci\u00f3n de promesas de la nataci\u00f3n, celebra la participaci\u00f3n de estos siete nadadores en un evento de tan alto nivel competitivo. La delegaci\u00f3n leonesa viajar\u00e1 con la esperanza de dejar en alto el nombre de su club y de la ciudad, compitiendo con atletas de todo el pa\u00eds y buscando alcanzar podios y marcas destacadas.<\/p>\n<p>Los j\u00f3venes deportistas se enfrentar\u00e1n a rivales de gran nivel en el Campeonato de Espa\u00f1a, pero cuentan con el respaldo de sus entrenadores, familiares y seguidores, quienes conf\u00edan en su talento y determinaci\u00f3n para dar lo mejor de s\u00ed en cada prueba. El Acu\u00e1tico Le\u00f3n se prepara para vivir un fin de semana lleno de emociones y retos, en el que la pasi\u00f3n por la nataci\u00f3n brillar\u00e1 en cada brazada y cada vuelta en la piscina.<\/p>\n","protected":false},"excerpt":{"rendered":"<p>Siete talentosos nadadores del club Acu\u00e1tico Le\u00f3n se encuentran listos y emocionados para representar a la ciudad en el pr\u00f3ximo Campeonato Nacional de Nataci\u00f3n, que se llevar\u00e1 a cabo este fin de semana en Palma de Mallorca. Estos j\u00f3venes atletas, luego de intensos entrenamientos y sacrificios, han logrado destacar en competencias locales y regionales, demostrando [&hellip;]<\/p>\n","protected":false},"author":1,"featured_media":4975,"comment_status":"open","ping_status":"closed","sticky":false,"template":"","format":"standard","meta":{"_monsterinsights_skip_tracking":false,"_monsterinsights_sitenote_active":false,"_monsterinsights_sitenote_note":"","_monsterinsights_sitenote_category":0,"site-container-style":"default","site-container-layout":"default","site-sidebar-layout":"default","disable-article-header":"default","disable-site-header":"default","disable-site-footer":"default","disable-content-area-spacing":"default","_jetpack_memberships_contains_paid_content":false,"footnotes":"","jetpack_publicize_message":"","jetpack_publicize_feature_enabled":true,"jetpack_social_post_already_shared":true,"jetpack_social_options":{"image_generator_settings":{"template":"highway","default_image_id":0,"font":"","enabled":false},"version":2}},"categories":[1],"tags":[],"class_list":["post-4974","post","type-post","status-publish","format-standard","has-post-thumbnail","hentry","category-uncategorized"],"jetpack_publicize_connections":[],"jetpack_featured_media_url":"https:\/\/987aldia.com\/web\/wp-content\/uploads\/2025\/02\/67b09f5e8738f.jpg","jetpack_sharing_enabled":true,"_links":{"self":[{"href":"https:\/\/987aldia.com\/web\/wp-json\/wp\/v2\/posts\/4974","targetHints":{"allow":["GET"]}}],"collection":[{"href":"https:\/\/987aldia.com\/web\/wp-json\/wp\/v2\/posts"}],"about":[{"href":"https:\/\/987aldia.com\/web\/wp-json\/wp\/v2\/types\/post"}],"author":[{"embeddable":true,"href":"https:\/\/987aldia.com\/web\/wp-json\/wp\/v2\/users\/1"}],"replies":[{"embeddable":true,"href":"https:\/\/987aldia.com\/web\/wp-json\/wp\/v2\/comments?post=4974"}],"version-history":[{"count":0,"href":"https:\/\/987aldia.com\/web\/wp-json\/wp\/v2\/posts\/4974\/revisions"}],"wp:featuredmedia":[{"embeddable":true,"href":"https:\/\/987aldia.com\/web\/wp-json\/wp\/v2\/media\/4975"}],"wp:attachment":[{"href":"https:\/\/987aldia.com\/web\/wp-json\/wp\/v2\/media?parent=4974"}],"wp:term":[{"taxonomy":"category","embeddable":true,"href":"https:\/\/987aldia.com\/web\/wp-json\/wp\/v2\/categories?post=4974"},{"taxonomy":"post_tag","embeddable":true,"href":"https:\/\/987aldia.com\/web\/wp-json\/wp\/v2\/tags?post=4974"}],"curies":[{"name":"wp","href":"https:\/\/api.w.org\/{rel}","templated":true}]}}