{"id":4984,"date":"2025-02-16T05:07:20","date_gmt":"2025-02-16T04:07:20","guid":{"rendered":"https:\/\/987aldia.com\/web\/diaz-denuncia-al-psoe-por-favorecer-a-las-energeticas-en-detrimento-de-los-mas-necesitados\/"},"modified":"2025-02-16T05:07:20","modified_gmt":"2025-02-16T04:07:20","slug":"diaz-denuncia-al-psoe-por-favorecer-a-las-energeticas-en-detrimento-de-los-mas-necesitados","status":"publish","type":"post","link":"https:\/\/987aldia.com\/web\/diaz-denuncia-al-psoe-por-favorecer-a-las-energeticas-en-detrimento-de-los-mas-necesitados\/","title":{"rendered":"D\u00edaz denuncia al PSOE por favorecer a las energ\u00e9ticas en detrimento de los m\u00e1s necesitados"},"content":{"rendered":"<p>La pol\u00e9mica se ha desatado en el panorama pol\u00edtico espa\u00f1ol luego de que la l\u00edder del Partido Popular en Madrid, Isabel D\u00edaz Ayuso, acusara al Partido Socialista Obrero Espa\u00f1ol (PSOE) de atacar a los sectores m\u00e1s desprotegidos de la sociedad al favorecer a las grandes empresas de energ\u00eda. En un duro discurso, D\u00edaz Ayuso denunci\u00f3 el supuesto regalo que el PSOE habr\u00eda realizado a las compa\u00f1\u00edas energ\u00e9ticas, mientras que, seg\u00fan ella, se ignora a los ciudadanos que m\u00e1s necesitan apoyo en estos momentos de crisis econ\u00f3mica. La acusaci\u00f3n de la dirigente popular ha generado un intenso debate pol\u00edtico en el pa\u00eds, con cr\u00edticas y defensas hacia ambas posiciones. La polarizaci\u00f3n en el \u00e1mbito pol\u00edtico parece estar en su punto m\u00e1s \u00e1lgido, con acusaciones cruzadas que evidencian la profunda divisi\u00f3n ideol\u00f3gica que caracteriza a la Espa\u00f1a actual.<\/p>\n","protected":false},"excerpt":{"rendered":"<p>La pol\u00e9mica se ha desatado en el panorama pol\u00edtico espa\u00f1ol luego de que la l\u00edder del Partido Popular en Madrid, Isabel D\u00edaz Ayuso, acusara al Partido Socialista Obrero Espa\u00f1ol (PSOE) de atacar a los sectores m\u00e1s desprotegidos de la sociedad al favorecer a las grandes empresas de energ\u00eda. En un duro discurso, D\u00edaz Ayuso denunci\u00f3 [&hellip;]<\/p>\n","protected":false},"author":1,"featured_media":4985,"comment_status":"open","ping_status":"closed","sticky":false,"template":"","format":"standard","meta":{"_monsterinsights_skip_tracking":false,"_monsterinsights_sitenote_active":false,"_monsterinsights_sitenote_note":"","_monsterinsights_sitenote_category":0,"site-container-style":"default","site-container-layout":"default","site-sidebar-layout":"default","disable-article-header":"default","disable-site-header":"default","disable-site-footer":"default","disable-content-area-spacing":"default","_jetpack_memberships_contains_paid_content":false,"footnotes":"","jetpack_publicize_message":"","jetpack_publicize_feature_enabled":true,"jetpack_social_post_already_shared":true,"jetpack_social_options":{"image_generator_settings":{"template":"highway","default_image_id":0,"font":"","enabled":false},"version":2}},"categories":[1],"tags":[],"class_list":["post-4984","post","type-post","status-publish","format-standard","has-post-thumbnail","hentry","category-uncategorized"],"jetpack_publicize_connections":[],"jetpack_featured_media_url":"https:\/\/987aldia.com\/web\/wp-content\/uploads\/2025\/02\/67b16478d10c1.jpg","jetpack_sharing_enabled":true,"_links":{"self":[{"href":"https:\/\/987aldia.com\/web\/wp-json\/wp\/v2\/posts\/4984","targetHints":{"allow":["GET"]}}],"collection":[{"href":"https:\/\/987aldia.com\/web\/wp-json\/wp\/v2\/posts"}],"about":[{"href":"https:\/\/987aldia.com\/web\/wp-json\/wp\/v2\/types\/post"}],"author":[{"embeddable":true,"href":"https:\/\/987aldia.com\/web\/wp-json\/wp\/v2\/users\/1"}],"replies":[{"embeddable":true,"href":"https:\/\/987aldia.com\/web\/wp-json\/wp\/v2\/comments?post=4984"}],"version-history":[{"count":0,"href":"https:\/\/987aldia.com\/web\/wp-json\/wp\/v2\/posts\/4984\/revisions"}],"wp:featuredmedia":[{"embeddable":true,"href":"https:\/\/987aldia.com\/web\/wp-json\/wp\/v2\/media\/4985"}],"wp:attachment":[{"href":"https:\/\/987aldia.com\/web\/wp-json\/wp\/v2\/media?parent=4984"}],"wp:term":[{"taxonomy":"category","embeddable":true,"href":"https:\/\/987aldia.com\/web\/wp-json\/wp\/v2\/categories?post=4984"},{"taxonomy":"post_tag","embeddable":true,"href":"https:\/\/987aldia.com\/web\/wp-json\/wp\/v2\/tags?post=4984"}],"curies":[{"name":"wp","href":"https:\/\/api.w.org\/{rel}","templated":true}]}}