{"id":4986,"date":"2025-02-16T07:06:43","date_gmt":"2025-02-16T06:06:43","guid":{"rendered":"https:\/\/987aldia.com\/web\/la-batalla-fiscal-se-intensifica-con-la-reaccion-del-iva\/"},"modified":"2025-02-16T07:06:43","modified_gmt":"2025-02-16T06:06:43","slug":"la-batalla-fiscal-se-intensifica-con-la-reaccion-del-iva","status":"publish","type":"post","link":"https:\/\/987aldia.com\/web\/la-batalla-fiscal-se-intensifica-con-la-reaccion-del-iva\/","title":{"rendered":"La batalla fiscal se intensifica con la reacci\u00f3n del IVA"},"content":{"rendered":"<p>La escalada de tensiones comerciales en Europa ha dado un giro dr\u00e1stico con la implementaci\u00f3n de nuevos aranceles, desencadenando una verdadera guerra fiscal entre los pa\u00edses miembros. La denominada \u00abvenganza del IVA\u00bb ha llevado a una situaci\u00f3n sin precedentes, que amenaza con desestabilizar a\u00fan m\u00e1s la econom\u00eda de la regi\u00f3n.<\/p>\n<p>Los aranceles recientemente impuestos se suman a los ya existentes desde 2017, impactando directamente en productos espa\u00f1oles. Esta medida ha generado un clima de incertidumbre entre los productores y exportadores del pa\u00eds, que ven amenazada su competitividad en el mercado internacional.<\/p>\n<p>La Uni\u00f3n Europea se encuentra en una encrucijada, con la necesidad de encontrar una soluci\u00f3n que permita poner fin a esta guerra fiscal que solo perjudica a todos los implicados. Mientras tanto, la tensi\u00f3n contin\u00faa en aumento y las consecuencias econ\u00f3micas podr\u00edan ser devastadoras si no se logra llegar a un acuerdo pronto.<\/p>\n<p>La comunidad internacional observa con preocupaci\u00f3n este conflicto, que pone en riesgo la estabilidad econ\u00f3mica de la regi\u00f3n y podr\u00eda tener repercusiones a nivel global. Es fundamental que las autoridades encuentren una salida negociada a esta situaci\u00f3n para evitar un escalamiento a\u00fan mayor de las hostilidades comerciales.<\/p>\n","protected":false},"excerpt":{"rendered":"<p>La escalada de tensiones comerciales en Europa ha dado un giro dr\u00e1stico con la implementaci\u00f3n de nuevos aranceles, desencadenando una verdadera guerra fiscal entre los pa\u00edses miembros. La denominada \u00abvenganza del IVA\u00bb ha llevado a una situaci\u00f3n sin precedentes, que amenaza con desestabilizar a\u00fan m\u00e1s la econom\u00eda de la regi\u00f3n. Los aranceles recientemente impuestos se [&hellip;]<\/p>\n","protected":false},"author":1,"featured_media":4987,"comment_status":"open","ping_status":"closed","sticky":false,"template":"","format":"standard","meta":{"_monsterinsights_skip_tracking":false,"_monsterinsights_sitenote_active":false,"_monsterinsights_sitenote_note":"","_monsterinsights_sitenote_category":0,"site-container-style":"default","site-container-layout":"default","site-sidebar-layout":"default","disable-article-header":"default","disable-site-header":"default","disable-site-footer":"default","disable-content-area-spacing":"default","_jetpack_memberships_contains_paid_content":false,"footnotes":"","jetpack_publicize_message":"","jetpack_publicize_feature_enabled":true,"jetpack_social_post_already_shared":true,"jetpack_social_options":{"image_generator_settings":{"template":"highway","default_image_id":0,"font":"","enabled":false},"version":2}},"categories":[1],"tags":[],"class_list":["post-4986","post","type-post","status-publish","format-standard","has-post-thumbnail","hentry","category-uncategorized"],"jetpack_publicize_connections":[],"jetpack_featured_media_url":"https:\/\/987aldia.com\/web\/wp-content\/uploads\/2025\/02\/67b18073e2e76.jpg","jetpack_sharing_enabled":true,"_links":{"self":[{"href":"https:\/\/987aldia.com\/web\/wp-json\/wp\/v2\/posts\/4986","targetHints":{"allow":["GET"]}}],"collection":[{"href":"https:\/\/987aldia.com\/web\/wp-json\/wp\/v2\/posts"}],"about":[{"href":"https:\/\/987aldia.com\/web\/wp-json\/wp\/v2\/types\/post"}],"author":[{"embeddable":true,"href":"https:\/\/987aldia.com\/web\/wp-json\/wp\/v2\/users\/1"}],"replies":[{"embeddable":true,"href":"https:\/\/987aldia.com\/web\/wp-json\/wp\/v2\/comments?post=4986"}],"version-history":[{"count":0,"href":"https:\/\/987aldia.com\/web\/wp-json\/wp\/v2\/posts\/4986\/revisions"}],"wp:featuredmedia":[{"embeddable":true,"href":"https:\/\/987aldia.com\/web\/wp-json\/wp\/v2\/media\/4987"}],"wp:attachment":[{"href":"https:\/\/987aldia.com\/web\/wp-json\/wp\/v2\/media?parent=4986"}],"wp:term":[{"taxonomy":"category","embeddable":true,"href":"https:\/\/987aldia.com\/web\/wp-json\/wp\/v2\/categories?post=4986"},{"taxonomy":"post_tag","embeddable":true,"href":"https:\/\/987aldia.com\/web\/wp-json\/wp\/v2\/tags?post=4986"}],"curies":[{"name":"wp","href":"https:\/\/api.w.org\/{rel}","templated":true}]}}