{"id":4990,"date":"2025-02-17T03:05:36","date_gmt":"2025-02-17T02:05:36","guid":{"rendered":"https:\/\/987aldia.com\/web\/el-enigma-detras-de-un-retrato-anonimo-un-misterio-por-resolver\/"},"modified":"2025-02-17T03:05:36","modified_gmt":"2025-02-17T02:05:36","slug":"el-enigma-detras-de-un-retrato-anonimo-un-misterio-por-resolver","status":"publish","type":"post","link":"https:\/\/987aldia.com\/web\/el-enigma-detras-de-un-retrato-anonimo-un-misterio-por-resolver\/","title":{"rendered":"El enigma detr\u00e1s de un retrato an\u00f3nimo: un misterio por resolver"},"content":{"rendered":"<p>El enigma que envolv\u00eda a uno de los retratos sin nombre del artista Leopoldo S\u00e1nchez del Bierzo ha sido finalmente resuelto. Se trata de una obra pict\u00f3rica que representa al destacado diputado y senador liberal de Ponferrada, Adriano Curiel y Castro, quien vivi\u00f3 entre 1825 y 1897. Este pol\u00edtico logr\u00f3 imponerse en unas elecciones hist\u00f3ricas contra el temido &#8216;cacique&#8217; Vald\u00e9s, consolidando as\u00ed su posici\u00f3n en la vida pol\u00edtica de la \u00e9poca.<\/p>\n<p>El misterioso retrato, que durante a\u00f1os mantuvo en vilo a los expertos en arte y a los estudiosos de la historia local, ha revelado finalmente la identidad de su protagonista. La figura de Curiel y Castro cobra vida a trav\u00e9s de la mirada y los trazos del talentoso pintor berciano, ofreciendo una nueva perspectiva sobre la figura de este influyente personaje del siglo XIX.<\/p>\n<p>La resoluci\u00f3n de este enigma ha generado gran expectaci\u00f3n en el \u00e1mbito cultural y ha despertado el inter\u00e9s de la comunidad art\u00edstica y acad\u00e9mica. El descubrimiento de la identidad del retratado abre nuevas puertas para la investigaci\u00f3n en torno a la obra de Leopoldo S\u00e1nchez del Bierzo y para comprender mejor el contexto hist\u00f3rico en el que se enmarca esta fascinante pieza de arte.<\/p>\n<p>Sin duda, este hallazgo representa un paso importante en la recuperaci\u00f3n y valoraci\u00f3n del patrimonio art\u00edstico y cultural de la regi\u00f3n, as\u00ed como en la reconstrucci\u00f3n de la memoria hist\u00f3rica de figuras relevantes como Adriano Curiel y Castro.<\/p>\n","protected":false},"excerpt":{"rendered":"<p>El enigma que envolv\u00eda a uno de los retratos sin nombre del artista Leopoldo S\u00e1nchez del Bierzo ha sido finalmente resuelto. Se trata de una obra pict\u00f3rica que representa al destacado diputado y senador liberal de Ponferrada, Adriano Curiel y Castro, quien vivi\u00f3 entre 1825 y 1897. Este pol\u00edtico logr\u00f3 imponerse en unas elecciones hist\u00f3ricas [&hellip;]<\/p>\n","protected":false},"author":1,"featured_media":4991,"comment_status":"open","ping_status":"closed","sticky":false,"template":"","format":"standard","meta":{"_monsterinsights_skip_tracking":false,"_monsterinsights_sitenote_active":false,"_monsterinsights_sitenote_note":"","_monsterinsights_sitenote_category":0,"site-container-style":"default","site-container-layout":"default","site-sidebar-layout":"default","disable-article-header":"default","disable-site-header":"default","disable-site-footer":"default","disable-content-area-spacing":"default","_jetpack_memberships_contains_paid_content":false,"footnotes":"","jetpack_publicize_message":"","jetpack_publicize_feature_enabled":true,"jetpack_social_post_already_shared":true,"jetpack_social_options":{"image_generator_settings":{"template":"highway","default_image_id":0,"font":"","enabled":false},"version":2}},"categories":[1],"tags":[],"class_list":["post-4990","post","type-post","status-publish","format-standard","has-post-thumbnail","hentry","category-uncategorized"],"jetpack_publicize_connections":[],"jetpack_featured_media_url":"https:\/\/987aldia.com\/web\/wp-content\/uploads\/2025\/02\/67b299702f3e4.jpg","jetpack_sharing_enabled":true,"_links":{"self":[{"href":"https:\/\/987aldia.com\/web\/wp-json\/wp\/v2\/posts\/4990","targetHints":{"allow":["GET"]}}],"collection":[{"href":"https:\/\/987aldia.com\/web\/wp-json\/wp\/v2\/posts"}],"about":[{"href":"https:\/\/987aldia.com\/web\/wp-json\/wp\/v2\/types\/post"}],"author":[{"embeddable":true,"href":"https:\/\/987aldia.com\/web\/wp-json\/wp\/v2\/users\/1"}],"replies":[{"embeddable":true,"href":"https:\/\/987aldia.com\/web\/wp-json\/wp\/v2\/comments?post=4990"}],"version-history":[{"count":0,"href":"https:\/\/987aldia.com\/web\/wp-json\/wp\/v2\/posts\/4990\/revisions"}],"wp:featuredmedia":[{"embeddable":true,"href":"https:\/\/987aldia.com\/web\/wp-json\/wp\/v2\/media\/4991"}],"wp:attachment":[{"href":"https:\/\/987aldia.com\/web\/wp-json\/wp\/v2\/media?parent=4990"}],"wp:term":[{"taxonomy":"category","embeddable":true,"href":"https:\/\/987aldia.com\/web\/wp-json\/wp\/v2\/categories?post=4990"},{"taxonomy":"post_tag","embeddable":true,"href":"https:\/\/987aldia.com\/web\/wp-json\/wp\/v2\/tags?post=4990"}],"curies":[{"name":"wp","href":"https:\/\/api.w.org\/{rel}","templated":true}]}}