{"id":4994,"date":"2025-02-17T07:08:19","date_gmt":"2025-02-17T06:08:19","guid":{"rendered":"https:\/\/987aldia.com\/web\/la-uned-exige-mayor-equidad-educativa-para-todos-los-estudiantes\/"},"modified":"2025-02-17T07:08:19","modified_gmt":"2025-02-17T06:08:19","slug":"la-uned-exige-mayor-equidad-educativa-para-todos-los-estudiantes","status":"publish","type":"post","link":"https:\/\/987aldia.com\/web\/la-uned-exige-mayor-equidad-educativa-para-todos-los-estudiantes\/","title":{"rendered":"La Uned exige mayor equidad educativa para todos los estudiantes"},"content":{"rendered":"<p>La Universidad Nacional de Educaci\u00f3n a Distancia (UNED) ha hecho un llamado urgente a las autoridades educativas para promover una mayor inclusi\u00f3n en el sistema educativo. En un comunicado emitido hoy, la instituci\u00f3n destac\u00f3 la importancia de garantizar que todos los estudiantes tengan acceso a una educaci\u00f3n de calidad, independientemente de su origen, g\u00e9nero, o situaci\u00f3n socioecon\u00f3mica.<\/p>\n<p>La UNED resalt\u00f3 que la inclusi\u00f3n no solo implica brindar oportunidades equitativas de aprendizaje, sino tambi\u00e9n crear entornos educativos que sean acogedores y respetuosos con la diversidad. En este sentido, inst\u00f3 a implementar pol\u00edticas y medidas concretas que fomenten la igualdad de oportunidades y la integraci\u00f3n de todos los alumnos, eliminando barreras y discriminaciones que puedan existir en el sistema educativo.<\/p>\n<p>La instituci\u00f3n tambi\u00e9n hizo hincapi\u00e9 en la importancia de formar a docentes y personal educativo en temas de diversidad e inclusi\u00f3n, para que puedan ofrecer un acompa\u00f1amiento adecuado a todos los estudiantes y contribuir a la creaci\u00f3n de una educaci\u00f3n m\u00e1s justa y equitativa.<\/p>\n<p>Ante este llamado de la UNED, se espera que las autoridades tomen medidas concretas para promover la inclusi\u00f3n en la educaci\u00f3n y garantizar que todos los estudiantes tengan las mismas oportunidades de desarrollo y crecimiento personal a trav\u00e9s de la educaci\u00f3n.<\/p>\n","protected":false},"excerpt":{"rendered":"<p>La Universidad Nacional de Educaci\u00f3n a Distancia (UNED) ha hecho un llamado urgente a las autoridades educativas para promover una mayor inclusi\u00f3n en el sistema educativo. En un comunicado emitido hoy, la instituci\u00f3n destac\u00f3 la importancia de garantizar que todos los estudiantes tengan acceso a una educaci\u00f3n de calidad, independientemente de su origen, g\u00e9nero, o [&hellip;]<\/p>\n","protected":false},"author":1,"featured_media":4995,"comment_status":"open","ping_status":"closed","sticky":false,"template":"","format":"standard","meta":{"_monsterinsights_skip_tracking":false,"_monsterinsights_sitenote_active":false,"_monsterinsights_sitenote_note":"","_monsterinsights_sitenote_category":0,"site-container-style":"default","site-container-layout":"default","site-sidebar-layout":"default","disable-article-header":"default","disable-site-header":"default","disable-site-footer":"default","disable-content-area-spacing":"default","_jetpack_memberships_contains_paid_content":false,"footnotes":"","jetpack_publicize_message":"","jetpack_publicize_feature_enabled":true,"jetpack_social_post_already_shared":true,"jetpack_social_options":{"image_generator_settings":{"template":"highway","default_image_id":0,"font":"","enabled":false},"version":2}},"categories":[1],"tags":[],"class_list":["post-4994","post","type-post","status-publish","format-standard","has-post-thumbnail","hentry","category-uncategorized"],"jetpack_publicize_connections":[],"jetpack_featured_media_url":"https:\/\/987aldia.com\/web\/wp-content\/uploads\/2025\/02\/67b2d253e9343.jpg","jetpack_sharing_enabled":true,"_links":{"self":[{"href":"https:\/\/987aldia.com\/web\/wp-json\/wp\/v2\/posts\/4994","targetHints":{"allow":["GET"]}}],"collection":[{"href":"https:\/\/987aldia.com\/web\/wp-json\/wp\/v2\/posts"}],"about":[{"href":"https:\/\/987aldia.com\/web\/wp-json\/wp\/v2\/types\/post"}],"author":[{"embeddable":true,"href":"https:\/\/987aldia.com\/web\/wp-json\/wp\/v2\/users\/1"}],"replies":[{"embeddable":true,"href":"https:\/\/987aldia.com\/web\/wp-json\/wp\/v2\/comments?post=4994"}],"version-history":[{"count":0,"href":"https:\/\/987aldia.com\/web\/wp-json\/wp\/v2\/posts\/4994\/revisions"}],"wp:featuredmedia":[{"embeddable":true,"href":"https:\/\/987aldia.com\/web\/wp-json\/wp\/v2\/media\/4995"}],"wp:attachment":[{"href":"https:\/\/987aldia.com\/web\/wp-json\/wp\/v2\/media?parent=4994"}],"wp:term":[{"taxonomy":"category","embeddable":true,"href":"https:\/\/987aldia.com\/web\/wp-json\/wp\/v2\/categories?post=4994"},{"taxonomy":"post_tag","embeddable":true,"href":"https:\/\/987aldia.com\/web\/wp-json\/wp\/v2\/tags?post=4994"}],"curies":[{"name":"wp","href":"https:\/\/api.w.org\/{rel}","templated":true}]}}