{"id":4996,"date":"2025-02-17T09:08:16","date_gmt":"2025-02-17T08:08:16","guid":{"rendered":"https:\/\/987aldia.com\/web\/inauguracion-de-la-nueva-galeria-de-arte-urbano-de-asier-vera-en-la-puebla\/"},"modified":"2025-02-17T09:08:16","modified_gmt":"2025-02-17T08:08:16","slug":"inauguracion-de-la-nueva-galeria-de-arte-urbano-de-asier-vera-en-la-puebla","status":"publish","type":"post","link":"https:\/\/987aldia.com\/web\/inauguracion-de-la-nueva-galeria-de-arte-urbano-de-asier-vera-en-la-puebla\/","title":{"rendered":"Inauguraci\u00f3n de la nueva galer\u00eda de arte urbano de Asier Vera en La Puebla"},"content":{"rendered":"<p>La localidad de La Puebla ha sido testigo de un emocionante acontecimiento cultural que ha marcado un hito en el mundo del arte urbano. La nueva galer\u00eda de arte urbano de Asier Vera ha sido inaugurada con gran \u00e9xito, convirti\u00e9ndose en un espacio dedicado a la expresi\u00f3n art\u00edstica y la creatividad en pleno coraz\u00f3n de la ciudad.<\/p>\n<p>Con una propuesta innovadora y vanguardista, Asier Vera ha logrado plasmar su visi\u00f3n art\u00edstica en las paredes de La Puebla, transformando espacios urbanos en aut\u00e9nticas obras de arte al aire libre. La galer\u00eda se presenta como un lienzo vivo donde el color, la forma y el mensaje se fusionan para crear un impacto visual \u00fanico que invita a la reflexi\u00f3n y la admiraci\u00f3n.<\/p>\n<p>Este nuevo espacio cultural promete ser un punto de encuentro para artistas locales y visitantes interesados en el arte callejero, ofreciendo la posibilidad de disfrutar de exposiciones al aire libre y de participar en eventos y actividades relacionadas con la cultura urbana. La galer\u00eda de Asier Vera se presenta como un lugar de inspiraci\u00f3n y creatividad que busca enriquecer el entorno urbano y fomentar el di\u00e1logo entre el arte y la comunidad.<\/p>\n<p>Sin duda, la inauguraci\u00f3n de esta galer\u00eda de arte urbano marca un antes y un despu\u00e9s en la escena cultural de La Puebla, abriendo nuevas posibilidades para el arte callejero y consolidando el talento y la creatividad de Asier Vera como referente en el panorama art\u00edstico local.<\/p>\n","protected":false},"excerpt":{"rendered":"<p>La localidad de La Puebla ha sido testigo de un emocionante acontecimiento cultural que ha marcado un hito en el mundo del arte urbano. La nueva galer\u00eda de arte urbano de Asier Vera ha sido inaugurada con gran \u00e9xito, convirti\u00e9ndose en un espacio dedicado a la expresi\u00f3n art\u00edstica y la creatividad en pleno coraz\u00f3n de [&hellip;]<\/p>\n","protected":false},"author":1,"featured_media":4997,"comment_status":"open","ping_status":"closed","sticky":false,"template":"","format":"standard","meta":{"_monsterinsights_skip_tracking":false,"_monsterinsights_sitenote_active":false,"_monsterinsights_sitenote_note":"","_monsterinsights_sitenote_category":0,"site-container-style":"default","site-container-layout":"default","site-sidebar-layout":"default","disable-article-header":"default","disable-site-header":"default","disable-site-footer":"default","disable-content-area-spacing":"default","_jetpack_memberships_contains_paid_content":false,"footnotes":"","jetpack_publicize_message":"","jetpack_publicize_feature_enabled":true,"jetpack_social_post_already_shared":true,"jetpack_social_options":{"image_generator_settings":{"template":"highway","default_image_id":0,"font":"","enabled":false},"version":2}},"categories":[1],"tags":[],"class_list":["post-4996","post","type-post","status-publish","format-standard","has-post-thumbnail","hentry","category-uncategorized"],"jetpack_publicize_connections":[],"jetpack_featured_media_url":"https:\/\/987aldia.com\/web\/wp-content\/uploads\/2025\/02\/67b2ee706d2d2.jpg","jetpack_sharing_enabled":true,"_links":{"self":[{"href":"https:\/\/987aldia.com\/web\/wp-json\/wp\/v2\/posts\/4996","targetHints":{"allow":["GET"]}}],"collection":[{"href":"https:\/\/987aldia.com\/web\/wp-json\/wp\/v2\/posts"}],"about":[{"href":"https:\/\/987aldia.com\/web\/wp-json\/wp\/v2\/types\/post"}],"author":[{"embeddable":true,"href":"https:\/\/987aldia.com\/web\/wp-json\/wp\/v2\/users\/1"}],"replies":[{"embeddable":true,"href":"https:\/\/987aldia.com\/web\/wp-json\/wp\/v2\/comments?post=4996"}],"version-history":[{"count":0,"href":"https:\/\/987aldia.com\/web\/wp-json\/wp\/v2\/posts\/4996\/revisions"}],"wp:featuredmedia":[{"embeddable":true,"href":"https:\/\/987aldia.com\/web\/wp-json\/wp\/v2\/media\/4997"}],"wp:attachment":[{"href":"https:\/\/987aldia.com\/web\/wp-json\/wp\/v2\/media?parent=4996"}],"wp:term":[{"taxonomy":"category","embeddable":true,"href":"https:\/\/987aldia.com\/web\/wp-json\/wp\/v2\/categories?post=4996"},{"taxonomy":"post_tag","embeddable":true,"href":"https:\/\/987aldia.com\/web\/wp-json\/wp\/v2\/tags?post=4996"}],"curies":[{"name":"wp","href":"https:\/\/api.w.org\/{rel}","templated":true}]}}