{"id":4998,"date":"2025-02-17T09:08:18","date_gmt":"2025-02-17T08:08:18","guid":{"rendered":"https:\/\/987aldia.com\/web\/asier-vera-inaugura-la-galeria-de-arte-urbano-en-la-puebla\/"},"modified":"2025-02-17T09:08:18","modified_gmt":"2025-02-17T08:08:18","slug":"asier-vera-inaugura-la-galeria-de-arte-urbano-en-la-puebla","status":"publish","type":"post","link":"https:\/\/987aldia.com\/web\/asier-vera-inaugura-la-galeria-de-arte-urbano-en-la-puebla\/","title":{"rendered":"Asier Vera inaugura la galer\u00eda de arte urbano en La Puebla"},"content":{"rendered":"<p>En un ambiente de creatividad y color, la localidad de La Puebla ha sido testigo de la inauguraci\u00f3n de la nueva galer\u00eda de arte urbano del reconocido artista Asier Vera. Con una propuesta fresca y vanguardista, Vera ha plasmado su talento en las paredes de la ciudad, convirti\u00e9ndolas en aut\u00e9nticas obras de arte que dialogan con el entorno urbano.<\/p>\n<p>La galer\u00eda, que se ha convertido en un punto de encuentro para amantes del arte y curiosos, ha despertado el inter\u00e9s de vecinos y visitantes por igual. Las impactantes piezas de Asier Vera no solo decoran las calles, sino que tambi\u00e9n invitan a reflexionar sobre la importancia del arte en el espacio p\u00fablico y su capacidad para transformar realidades.<\/p>\n<p>Con esta iniciativa, La Puebla se consolida como un referente en el mundo del arte urbano, abriendo nuevas posibilidades para el desarrollo cultural de la comunidad y promoviendo la creatividad como motor de cambio y expresi\u00f3n. La nueva galer\u00eda de arte urbano de Asier Vera promete seguir sorprendiendo y deleitando a todos aquellos que se acerquen a descubrir sus creaciones en las calles de la ciudad.<\/p>\n","protected":false},"excerpt":{"rendered":"<p>En un ambiente de creatividad y color, la localidad de La Puebla ha sido testigo de la inauguraci\u00f3n de la nueva galer\u00eda de arte urbano del reconocido artista Asier Vera. Con una propuesta fresca y vanguardista, Vera ha plasmado su talento en las paredes de la ciudad, convirti\u00e9ndolas en aut\u00e9nticas obras de arte que dialogan [&hellip;]<\/p>\n","protected":false},"author":1,"featured_media":4999,"comment_status":"open","ping_status":"closed","sticky":false,"template":"","format":"standard","meta":{"_monsterinsights_skip_tracking":false,"_monsterinsights_sitenote_active":false,"_monsterinsights_sitenote_note":"","_monsterinsights_sitenote_category":0,"site-container-style":"default","site-container-layout":"default","site-sidebar-layout":"default","disable-article-header":"default","disable-site-header":"default","disable-site-footer":"default","disable-content-area-spacing":"default","_jetpack_memberships_contains_paid_content":false,"footnotes":"","jetpack_publicize_message":"","jetpack_publicize_feature_enabled":true,"jetpack_social_post_already_shared":true,"jetpack_social_options":{"image_generator_settings":{"template":"highway","default_image_id":0,"font":"","enabled":false},"version":2}},"categories":[1],"tags":[],"class_list":["post-4998","post","type-post","status-publish","format-standard","has-post-thumbnail","hentry","category-uncategorized"],"jetpack_publicize_connections":[],"jetpack_featured_media_url":"https:\/\/987aldia.com\/web\/wp-content\/uploads\/2025\/02\/67b2ee720975e.jpg","jetpack_sharing_enabled":true,"_links":{"self":[{"href":"https:\/\/987aldia.com\/web\/wp-json\/wp\/v2\/posts\/4998","targetHints":{"allow":["GET"]}}],"collection":[{"href":"https:\/\/987aldia.com\/web\/wp-json\/wp\/v2\/posts"}],"about":[{"href":"https:\/\/987aldia.com\/web\/wp-json\/wp\/v2\/types\/post"}],"author":[{"embeddable":true,"href":"https:\/\/987aldia.com\/web\/wp-json\/wp\/v2\/users\/1"}],"replies":[{"embeddable":true,"href":"https:\/\/987aldia.com\/web\/wp-json\/wp\/v2\/comments?post=4998"}],"version-history":[{"count":0,"href":"https:\/\/987aldia.com\/web\/wp-json\/wp\/v2\/posts\/4998\/revisions"}],"wp:featuredmedia":[{"embeddable":true,"href":"https:\/\/987aldia.com\/web\/wp-json\/wp\/v2\/media\/4999"}],"wp:attachment":[{"href":"https:\/\/987aldia.com\/web\/wp-json\/wp\/v2\/media?parent=4998"}],"wp:term":[{"taxonomy":"category","embeddable":true,"href":"https:\/\/987aldia.com\/web\/wp-json\/wp\/v2\/categories?post=4998"},{"taxonomy":"post_tag","embeddable":true,"href":"https:\/\/987aldia.com\/web\/wp-json\/wp\/v2\/tags?post=4998"}],"curies":[{"name":"wp","href":"https:\/\/api.w.org\/{rel}","templated":true}]}}