{"id":5002,"date":"2025-02-17T13:08:27","date_gmt":"2025-02-17T12:08:27","guid":{"rendered":"https:\/\/987aldia.com\/web\/el-miteco-presenta-informe-contundente-contra-el-parque-eolico-alto-bierzo-sil\/"},"modified":"2025-02-17T13:08:27","modified_gmt":"2025-02-17T12:08:27","slug":"el-miteco-presenta-informe-contundente-contra-el-parque-eolico-alto-bierzo-sil","status":"publish","type":"post","link":"https:\/\/987aldia.com\/web\/el-miteco-presenta-informe-contundente-contra-el-parque-eolico-alto-bierzo-sil\/","title":{"rendered":"El Miteco presenta informe contundente contra el parque e\u00f3lico Alto Bierzo-Sil"},"content":{"rendered":"<p>El Ministerio para la Transici\u00f3n Ecol\u00f3gica y el Reto Demogr\u00e1fico (Miteco) ha emitido un informe contundente en el que oficializa su rechazo al pol\u00e9mico proyecto del parque e\u00f3lico Alto Bierzo-Sil promovido por Repsol. La declaraci\u00f3n de impacto ambiental negativa deja claro que el proyecto no solo es incompatible con la supervivencia del urogallo y la conservaci\u00f3n del oso pardo, sino que adem\u00e1s se basa en estudios que subestiman gravemente el valor ambiental de la zona en cuesti\u00f3n.<\/p>\n<p>Seg\u00fan el informe del Miteco, ninguna modificaci\u00f3n propuesta por la empresa petrolera mejorar\u00e1 el contexto destructivo que implicar\u00eda la construcci\u00f3n y operaci\u00f3n de este parque e\u00f3lico. Esta decisi\u00f3n supone un duro rev\u00e9s para Repsol, que ha visto c\u00f3mo sus planes se ven truncados por las preocupaciones ambientales y la protecci\u00f3n de especies en peligro de extinci\u00f3n.<\/p>\n<p>La noticia ha generado reacciones encontradas en diversos sectores de la sociedad, con defensores del medio ambiente celebrando la decisi\u00f3n del Miteco como una victoria para la conservaci\u00f3n de la biodiversidad en la regi\u00f3n. Por otro lado, representantes de la empresa y algunos sectores industriales han expresado su descontento, argumentando que la negativa a este proyecto supone un obst\u00e1culo para el desarrollo econ\u00f3mico y la generaci\u00f3n de energ\u00eda limpia en la zona.<\/p>\n<p>Esta disputa entre intereses econ\u00f3micos y ambientales pone de manifiesto la complejidad de encontrar un equilibrio entre el progreso industrial y la protecci\u00f3n del entorno natural. Mientras tanto, el futuro del parque e\u00f3lico Alto Bierzo-Sil queda en el aire, a la espera de posibles alternativas que puedan conciliar las necesidades energ\u00e9ticas con el respeto al medio ambiente.<\/p>\n","protected":false},"excerpt":{"rendered":"<p>El Ministerio para la Transici\u00f3n Ecol\u00f3gica y el Reto Demogr\u00e1fico (Miteco) ha emitido un informe contundente en el que oficializa su rechazo al pol\u00e9mico proyecto del parque e\u00f3lico Alto Bierzo-Sil promovido por Repsol. La declaraci\u00f3n de impacto ambiental negativa deja claro que el proyecto no solo es incompatible con la supervivencia del urogallo y la [&hellip;]<\/p>\n","protected":false},"author":1,"featured_media":5003,"comment_status":"open","ping_status":"closed","sticky":false,"template":"","format":"standard","meta":{"_monsterinsights_skip_tracking":false,"_monsterinsights_sitenote_active":false,"_monsterinsights_sitenote_note":"","_monsterinsights_sitenote_category":0,"site-container-style":"default","site-container-layout":"default","site-sidebar-layout":"default","disable-article-header":"default","disable-site-header":"default","disable-site-footer":"default","disable-content-area-spacing":"default","_jetpack_memberships_contains_paid_content":false,"footnotes":"","jetpack_publicize_message":"","jetpack_publicize_feature_enabled":true,"jetpack_social_post_already_shared":true,"jetpack_social_options":{"image_generator_settings":{"template":"highway","default_image_id":0,"font":"","enabled":false},"version":2}},"categories":[1],"tags":[],"class_list":["post-5002","post","type-post","status-publish","format-standard","has-post-thumbnail","hentry","category-uncategorized"],"jetpack_publicize_connections":[],"jetpack_featured_media_url":"https:\/\/987aldia.com\/web\/wp-content\/uploads\/2025\/02\/67b326bb90a3a.jpg","jetpack_sharing_enabled":true,"_links":{"self":[{"href":"https:\/\/987aldia.com\/web\/wp-json\/wp\/v2\/posts\/5002","targetHints":{"allow":["GET"]}}],"collection":[{"href":"https:\/\/987aldia.com\/web\/wp-json\/wp\/v2\/posts"}],"about":[{"href":"https:\/\/987aldia.com\/web\/wp-json\/wp\/v2\/types\/post"}],"author":[{"embeddable":true,"href":"https:\/\/987aldia.com\/web\/wp-json\/wp\/v2\/users\/1"}],"replies":[{"embeddable":true,"href":"https:\/\/987aldia.com\/web\/wp-json\/wp\/v2\/comments?post=5002"}],"version-history":[{"count":0,"href":"https:\/\/987aldia.com\/web\/wp-json\/wp\/v2\/posts\/5002\/revisions"}],"wp:featuredmedia":[{"embeddable":true,"href":"https:\/\/987aldia.com\/web\/wp-json\/wp\/v2\/media\/5003"}],"wp:attachment":[{"href":"https:\/\/987aldia.com\/web\/wp-json\/wp\/v2\/media?parent=5002"}],"wp:term":[{"taxonomy":"category","embeddable":true,"href":"https:\/\/987aldia.com\/web\/wp-json\/wp\/v2\/categories?post=5002"},{"taxonomy":"post_tag","embeddable":true,"href":"https:\/\/987aldia.com\/web\/wp-json\/wp\/v2\/tags?post=5002"}],"curies":[{"name":"wp","href":"https:\/\/api.w.org\/{rel}","templated":true}]}}