{"id":5004,"date":"2025-02-17T15:10:20","date_gmt":"2025-02-17T14:10:20","guid":{"rendered":"https:\/\/987aldia.com\/web\/acusan-de-restauracion-inapropiada-en-la-escalera-de-la-colegiata-de-villafranca\/"},"modified":"2025-02-17T15:10:20","modified_gmt":"2025-02-17T14:10:20","slug":"acusan-de-restauracion-inapropiada-en-la-escalera-de-la-colegiata-de-villafranca","status":"publish","type":"post","link":"https:\/\/987aldia.com\/web\/acusan-de-restauracion-inapropiada-en-la-escalera-de-la-colegiata-de-villafranca\/","title":{"rendered":"Acusan de restauraci\u00f3n inapropiada en la escalera de la Colegiata de Villafranca"},"content":{"rendered":"<p>En medio de la pol\u00e9mica, ha surgido una denuncia por una presunta restauraci\u00f3n \u00abcontra natura\u00bb de la escalera de la Colegiata de Villafranca. Diversas asociaciones y vecinos han alzado su voz para criticar los materiales utilizados en esta obra, que ya ha dado inicio, alegando que no cumplen con el Plan Especial del Conjunto Hist\u00f3rico. La indignaci\u00f3n y preocupaci\u00f3n se han hecho evidentes en la comunidad, exigiendo la paralizaci\u00f3n inmediata de los trabajos.<\/p>\n<p>La intervenci\u00f3n en un elemento tan emblem\u00e1tico como la escalera de la Colegiata ha despertado un debate acalorado entre los defensores de la conservaci\u00f3n del patrimonio y quienes consideran que las decisiones tomadas no respetan la historia y la est\u00e9tica del lugar. Ante esta situaci\u00f3n, se espera que las autoridades competentes tomen cartas en el asunto y se lleve a cabo una revisi\u00f3n exhaustiva de los procedimientos empleados en esta restauraci\u00f3n que ha generado controversia en Villafranca.<\/p>\n","protected":false},"excerpt":{"rendered":"<p>En medio de la pol\u00e9mica, ha surgido una denuncia por una presunta restauraci\u00f3n \u00abcontra natura\u00bb de la escalera de la Colegiata de Villafranca. Diversas asociaciones y vecinos han alzado su voz para criticar los materiales utilizados en esta obra, que ya ha dado inicio, alegando que no cumplen con el Plan Especial del Conjunto Hist\u00f3rico. [&hellip;]<\/p>\n","protected":false},"author":1,"featured_media":5005,"comment_status":"open","ping_status":"closed","sticky":false,"template":"","format":"standard","meta":{"_monsterinsights_skip_tracking":false,"_monsterinsights_sitenote_active":false,"_monsterinsights_sitenote_note":"","_monsterinsights_sitenote_category":0,"site-container-style":"default","site-container-layout":"default","site-sidebar-layout":"default","disable-article-header":"default","disable-site-header":"default","disable-site-footer":"default","disable-content-area-spacing":"default","_jetpack_memberships_contains_paid_content":false,"footnotes":"","jetpack_publicize_message":"","jetpack_publicize_feature_enabled":true,"jetpack_social_post_already_shared":true,"jetpack_social_options":{"image_generator_settings":{"template":"highway","default_image_id":0,"font":"","enabled":false},"version":2}},"categories":[1],"tags":[],"class_list":["post-5004","post","type-post","status-publish","format-standard","has-post-thumbnail","hentry","category-uncategorized"],"jetpack_publicize_connections":[],"jetpack_featured_media_url":"https:\/\/987aldia.com\/web\/wp-content\/uploads\/2025\/02\/67b3434c296b1.jpg","jetpack_sharing_enabled":true,"_links":{"self":[{"href":"https:\/\/987aldia.com\/web\/wp-json\/wp\/v2\/posts\/5004","targetHints":{"allow":["GET"]}}],"collection":[{"href":"https:\/\/987aldia.com\/web\/wp-json\/wp\/v2\/posts"}],"about":[{"href":"https:\/\/987aldia.com\/web\/wp-json\/wp\/v2\/types\/post"}],"author":[{"embeddable":true,"href":"https:\/\/987aldia.com\/web\/wp-json\/wp\/v2\/users\/1"}],"replies":[{"embeddable":true,"href":"https:\/\/987aldia.com\/web\/wp-json\/wp\/v2\/comments?post=5004"}],"version-history":[{"count":0,"href":"https:\/\/987aldia.com\/web\/wp-json\/wp\/v2\/posts\/5004\/revisions"}],"wp:featuredmedia":[{"embeddable":true,"href":"https:\/\/987aldia.com\/web\/wp-json\/wp\/v2\/media\/5005"}],"wp:attachment":[{"href":"https:\/\/987aldia.com\/web\/wp-json\/wp\/v2\/media?parent=5004"}],"wp:term":[{"taxonomy":"category","embeddable":true,"href":"https:\/\/987aldia.com\/web\/wp-json\/wp\/v2\/categories?post=5004"},{"taxonomy":"post_tag","embeddable":true,"href":"https:\/\/987aldia.com\/web\/wp-json\/wp\/v2\/tags?post=5004"}],"curies":[{"name":"wp","href":"https:\/\/api.w.org\/{rel}","templated":true}]}}