{"id":5012,"date":"2025-02-17T23:07:23","date_gmt":"2025-02-17T22:07:23","guid":{"rendered":"https:\/\/987aldia.com\/web\/el-ayuntamiento-de-villafranca-justifica-su-gestion-en-la-construccion-de-la-escalinata-de-la-colegiata\/"},"modified":"2025-02-17T23:07:23","modified_gmt":"2025-02-17T22:07:23","slug":"el-ayuntamiento-de-villafranca-justifica-su-gestion-en-la-construccion-de-la-escalinata-de-la-colegiata","status":"publish","type":"post","link":"https:\/\/987aldia.com\/web\/el-ayuntamiento-de-villafranca-justifica-su-gestion-en-la-construccion-de-la-escalinata-de-la-colegiata\/","title":{"rendered":"El Ayuntamiento de Villafranca justifica su gesti\u00f3n en la construcci\u00f3n de la escalinata de la Colegiata"},"content":{"rendered":"<p>El Ayuntamiento de Villafranca ha salido al paso de las cr\u00edticas recibidas en torno a la obra de la escalinata de la Colegiata, defendiendo su actuaci\u00f3n y asegurando que ha actuado conforme a la normativa vigente. En un comunicado emitido por el consistorio, se ha destacado que la propiedad del monumento corresponde al Obispado de Astorga, mientras que las competencias en materia de patrimonio recaen en la Junta de Castilla y Le\u00f3n.<\/p>\n<p>Asimismo, se ha subrayado que el Ayuntamiento ha mantenido una actitud de total transparencia en todo el proceso, informando a la ciudadan\u00eda y atendiendo cualquier consulta o inquietud que haya surgido al respecto. La administraci\u00f3n local ha reiterado su compromiso con la preservaci\u00f3n y puesta en valor del patrimonio hist\u00f3rico y cultural de la localidad, trabajando en estrecha colaboraci\u00f3n con las autoridades competentes para garantizar su conservaci\u00f3n a largo plazo.<\/p>\n","protected":false},"excerpt":{"rendered":"<p>El Ayuntamiento de Villafranca ha salido al paso de las cr\u00edticas recibidas en torno a la obra de la escalinata de la Colegiata, defendiendo su actuaci\u00f3n y asegurando que ha actuado conforme a la normativa vigente. En un comunicado emitido por el consistorio, se ha destacado que la propiedad del monumento corresponde al Obispado de [&hellip;]<\/p>\n","protected":false},"author":1,"featured_media":5013,"comment_status":"open","ping_status":"closed","sticky":false,"template":"","format":"standard","meta":{"_monsterinsights_skip_tracking":false,"_monsterinsights_sitenote_active":false,"_monsterinsights_sitenote_note":"","_monsterinsights_sitenote_category":0,"site-container-style":"default","site-container-layout":"default","site-sidebar-layout":"default","disable-article-header":"default","disable-site-header":"default","disable-site-footer":"default","disable-content-area-spacing":"default","_jetpack_memberships_contains_paid_content":false,"footnotes":"","jetpack_publicize_message":"","jetpack_publicize_feature_enabled":true,"jetpack_social_post_already_shared":true,"jetpack_social_options":{"image_generator_settings":{"template":"highway","default_image_id":0,"font":"","enabled":false},"version":2}},"categories":[1],"tags":[],"class_list":["post-5012","post","type-post","status-publish","format-standard","has-post-thumbnail","hentry","category-uncategorized"],"jetpack_publicize_connections":[],"jetpack_featured_media_url":"https:\/\/987aldia.com\/web\/wp-content\/uploads\/2025\/02\/67b3b31bbeb86.jpg","jetpack_sharing_enabled":true,"_links":{"self":[{"href":"https:\/\/987aldia.com\/web\/wp-json\/wp\/v2\/posts\/5012","targetHints":{"allow":["GET"]}}],"collection":[{"href":"https:\/\/987aldia.com\/web\/wp-json\/wp\/v2\/posts"}],"about":[{"href":"https:\/\/987aldia.com\/web\/wp-json\/wp\/v2\/types\/post"}],"author":[{"embeddable":true,"href":"https:\/\/987aldia.com\/web\/wp-json\/wp\/v2\/users\/1"}],"replies":[{"embeddable":true,"href":"https:\/\/987aldia.com\/web\/wp-json\/wp\/v2\/comments?post=5012"}],"version-history":[{"count":0,"href":"https:\/\/987aldia.com\/web\/wp-json\/wp\/v2\/posts\/5012\/revisions"}],"wp:featuredmedia":[{"embeddable":true,"href":"https:\/\/987aldia.com\/web\/wp-json\/wp\/v2\/media\/5013"}],"wp:attachment":[{"href":"https:\/\/987aldia.com\/web\/wp-json\/wp\/v2\/media?parent=5012"}],"wp:term":[{"taxonomy":"category","embeddable":true,"href":"https:\/\/987aldia.com\/web\/wp-json\/wp\/v2\/categories?post=5012"},{"taxonomy":"post_tag","embeddable":true,"href":"https:\/\/987aldia.com\/web\/wp-json\/wp\/v2\/tags?post=5012"}],"curies":[{"name":"wp","href":"https:\/\/api.w.org\/{rel}","templated":true}]}}