{"id":605,"date":"2023-02-27T08:57:58","date_gmt":"2023-02-27T08:57:58","guid":{"rendered":"https:\/\/987aldia.com\/web\/?p=605"},"modified":"2023-02-27T08:57:59","modified_gmt":"2023-02-27T08:57:59","slug":"las-estaciones-de-esqui-de-la-provincia-reciben-9-800-usuarios-el-fin-de-semana","status":"publish","type":"post","link":"https:\/\/987aldia.com\/web\/las-estaciones-de-esqui-de-la-provincia-reciben-9-800-usuarios-el-fin-de-semana\/","title":{"rendered":"<strong>Las estaciones de esqu\u00ed de la provincia reciben 9.800 usuarios el fin de semana<\/strong>"},"content":{"rendered":"\n<h2 class=\"wp-block-heading\"><strong>Concluye la semana de Carnaval con gran afluencia de p\u00fablico y nevadas que han permitido ampliar el dominio esquiable y los espesores de nieve<\/strong><\/h2>\n\n\n\n<p><strong>26 de febrero de 2022.-<\/strong> Las estaciones de esqu\u00ed dependientes de la Diputaci\u00f3n de Le\u00f3n han recibido este fin de semana un total de 9.800 usuarios. Estas dos jornadas han clausurado una semana de Carnaval con gran afluencia de visitantes y nevadas que han permitido aumentar el dominio esquiable y mejorar los espesores de nieve.<\/p>\n\n\n\n<p>Por las instalaciones invernales de San Isidro han pasado un total de 7.322 esquiadores, siendo el s\u00e1bado el d\u00eda de mayor afluencia con 4.266. Se ha podido esquiar en un total de 27,8kil\u00f3metros de pistas, en los sectores de Salencias, Cebolledo, Riopinos y Requejines, as\u00ed como en las pistas de fondo e itinerario esquiable, con una calidad de nieve polvo y unos espesores entre los 80 y 40 cent\u00edmetros, que han hecho que los aficionados hayan disfrutado de una excelente calidad de nieve en un total de 27 pistas, para todos los niveles, a las que han podido acceder a trav\u00e9s de 13 remontes.<\/p>\n\n\n\n<p>Los m\u00e1s peque\u00f1os han tenido a su disposici\u00f3n el parque de nieve infantil con material did\u00e1ctico para la familiarizaci\u00f3n con la nieve.<\/p>\n\n\n\n<p>Durante el fin de semana se han celebrado en la pista homologada \u2018Gran Ca\u00f1\u00f3n\u2019 los campeonatos de Castilla y Le\u00f3n U18-U21 Absolutos, el Trofeo Diputaci\u00f3n y el Trofeo Federaci\u00f3n, con la participaci\u00f3n de 60 j\u00f3venes corredores de distintas comunidades aut\u00f3nomas.<\/p>\n\n\n\n<p><strong>Valle Laciana-Leitariegos<\/strong><\/p>\n\n\n\n<p>En la estaci\u00f3n Valle Laciana-Leitariegos, la nieve ca\u00edda desde el jueves permit\u00eda aumentar el dominio esquiable el fin de semana y abrir dos pistas rojas de la zona baja. Adem\u00e1s, se han dado muy buenas condiciones para la producci\u00f3n de nieve artificial.<\/p>\n\n\n\n<p>Durante toda la semana se ha notado en el n\u00famero de visitantes la semana de Carnaval y, a pesar de no haber tenido los grupos escolares habituales de las campa\u00f1as de Diputaci\u00f3n por ser temporada alta, ha habido una afluencia importante de familias principalmente de Galicia, con 3.192 esquiadores de lunes a viernes.<\/p>\n\n\n\n<p>Ambas estaciones retomar\u00e1n la semana que entra las campa\u00f1as de nieve de sistema diario\u00a0 y semanal de la Diputaci\u00f3n, Un d\u00eda en la nieve y Ayuntamientos, con la participaci\u00f3n de escolares y universitarios.<\/p>\n\n\n\n<figure class=\"wp-block-gallery has-nested-images columns-default is-cropped wp-block-gallery-1 is-layout-flex wp-block-gallery-is-layout-flex\">\n<figure class=\"wp-block-image size-large\"><img fetchpriority=\"high\" decoding=\"async\" width=\"953\" height=\"1024\" data-id=\"607\" src=\"https:\/\/987aldia.com\/web\/wp-content\/uploads\/2023\/02\/SAN-ISIDRO-953x1024.jpg\" alt=\"\" class=\"wp-image-607\" srcset=\"https:\/\/987aldia.com\/web\/wp-content\/uploads\/2023\/02\/SAN-ISIDRO-953x1024.jpg 953w, https:\/\/987aldia.com\/web\/wp-content\/uploads\/2023\/02\/SAN-ISIDRO-279x300.jpg 279w, https:\/\/987aldia.com\/web\/wp-content\/uploads\/2023\/02\/SAN-ISIDRO-768x825.jpg 768w, https:\/\/987aldia.com\/web\/wp-content\/uploads\/2023\/02\/SAN-ISIDRO-1430x1536.jpg 1430w, https:\/\/987aldia.com\/web\/wp-content\/uploads\/2023\/02\/SAN-ISIDRO-1907x2048.jpg 1907w\" sizes=\"(max-width: 953px) 100vw, 953px\" \/><\/figure>\n\n\n\n<figure class=\"wp-block-image size-large\"><img decoding=\"async\" width=\"1024\" height=\"768\" data-id=\"606\" src=\"https:\/\/987aldia.com\/web\/wp-content\/uploads\/2023\/02\/VALLE-LACIANA-LEITARIEGOS-1024x768.jpg\" alt=\"\" class=\"wp-image-606\" srcset=\"https:\/\/987aldia.com\/web\/wp-content\/uploads\/2023\/02\/VALLE-LACIANA-LEITARIEGOS-1024x768.jpg 1024w, https:\/\/987aldia.com\/web\/wp-content\/uploads\/2023\/02\/VALLE-LACIANA-LEITARIEGOS-300x225.jpg 300w, https:\/\/987aldia.com\/web\/wp-content\/uploads\/2023\/02\/VALLE-LACIANA-LEITARIEGOS-768x576.jpg 768w, https:\/\/987aldia.com\/web\/wp-content\/uploads\/2023\/02\/VALLE-LACIANA-LEITARIEGOS-1536x1152.jpg 1536w, https:\/\/987aldia.com\/web\/wp-content\/uploads\/2023\/02\/VALLE-LACIANA-LEITARIEGOS.jpg 1600w\" sizes=\"(max-width: 1024px) 100vw, 1024px\" \/><\/figure>\n<\/figure>\n","protected":false},"excerpt":{"rendered":"<p>Concluye la semana de Carnaval con gran afluencia de p\u00fablico y nevadas que han permitido ampliar el dominio esquiable y los espesores de nieve 26 de febrero de 2022.- Las estaciones de esqu\u00ed dependientes de la Diputaci\u00f3n de Le\u00f3n han recibido este fin de semana un total de 9.800 usuarios. Estas dos jornadas han clausurado [&hellip;]<\/p>\n","protected":false},"author":1,"featured_media":608,"comment_status":"open","ping_status":"closed","sticky":false,"template":"","format":"standard","meta":{"_monsterinsights_skip_tracking":false,"_monsterinsights_sitenote_active":false,"_monsterinsights_sitenote_note":"","_monsterinsights_sitenote_category":0,"site-container-style":"default","site-container-layout":"default","site-sidebar-layout":"default","disable-article-header":"default","disable-site-header":"default","disable-site-footer":"default","disable-content-area-spacing":"default","_jetpack_memberships_contains_paid_content":false,"footnotes":"","jetpack_publicize_message":"","jetpack_publicize_feature_enabled":true,"jetpack_social_post_already_shared":false,"jetpack_social_options":{"image_generator_settings":{"template":"highway","default_image_id":0,"font":"","enabled":false},"version":2}},"categories":[7],"tags":[],"class_list":["post-605","post","type-post","status-publish","format-standard","has-post-thumbnail","hentry","category-notas-de-prensa"],"jetpack_publicize_connections":[],"jetpack_featured_media_url":"https:\/\/987aldia.com\/web\/wp-content\/uploads\/2023\/02\/ENTREGA-PREMIOS-SAN-ISIDRO.jpg","jetpack_sharing_enabled":true,"_links":{"self":[{"href":"https:\/\/987aldia.com\/web\/wp-json\/wp\/v2\/posts\/605","targetHints":{"allow":["GET"]}}],"collection":[{"href":"https:\/\/987aldia.com\/web\/wp-json\/wp\/v2\/posts"}],"about":[{"href":"https:\/\/987aldia.com\/web\/wp-json\/wp\/v2\/types\/post"}],"author":[{"embeddable":true,"href":"https:\/\/987aldia.com\/web\/wp-json\/wp\/v2\/users\/1"}],"replies":[{"embeddable":true,"href":"https:\/\/987aldia.com\/web\/wp-json\/wp\/v2\/comments?post=605"}],"version-history":[{"count":1,"href":"https:\/\/987aldia.com\/web\/wp-json\/wp\/v2\/posts\/605\/revisions"}],"predecessor-version":[{"id":609,"href":"https:\/\/987aldia.com\/web\/wp-json\/wp\/v2\/posts\/605\/revisions\/609"}],"wp:featuredmedia":[{"embeddable":true,"href":"https:\/\/987aldia.com\/web\/wp-json\/wp\/v2\/media\/608"}],"wp:attachment":[{"href":"https:\/\/987aldia.com\/web\/wp-json\/wp\/v2\/media?parent=605"}],"wp:term":[{"taxonomy":"category","embeddable":true,"href":"https:\/\/987aldia.com\/web\/wp-json\/wp\/v2\/categories?post=605"},{"taxonomy":"post_tag","embeddable":true,"href":"https:\/\/987aldia.com\/web\/wp-json\/wp\/v2\/tags?post=605"}],"curies":[{"name":"wp","href":"https:\/\/api.w.org\/{rel}","templated":true}]}}