{"id":613,"date":"2023-02-25T09:06:56","date_gmt":"2023-02-25T09:06:56","guid":{"rendered":"https:\/\/987aldia.com\/web\/?p=613"},"modified":"2023-02-27T09:23:04","modified_gmt":"2023-02-27T09:23:04","slug":"restricciones-de-trafico-27-de-febrero-y-3-de-marzo","status":"publish","type":"post","link":"https:\/\/987aldia.com\/web\/restricciones-de-trafico-27-de-febrero-y-3-de-marzo\/","title":{"rendered":"Restricciones de tr\u00e1fico 27 de febrero y 3 de marzo"},"content":{"rendered":"\n<p>Con motivo del apeo de varios \u00e1rboles en la avenida Ingeniero S\u00e1enz de Miera, en las inmediaciones de las piscinas, la Polic\u00eda Local del Ayuntamiento Le\u00f3n prev\u00e9 restricciones para el tr\u00e1fico y los peatones durante el transcurso de los trabajos. Est\u00e1 previsto desempe\u00f1ar estos desde el lunes 27 de febrero al viernes 3 de marzo, tiempo durante el cual estar\u00e1n vigentes las restricciones en esta v\u00eda. Por ello, es recomendable emplear recorridos alternativos.&nbsp;<\/p>\n\n\n\n<figure class=\"wp-block-gallery has-nested-images columns-default is-cropped wp-block-gallery-1 is-layout-flex wp-block-gallery-is-layout-flex\">\n<figure class=\"wp-block-image size-large\"><img fetchpriority=\"high\" decoding=\"async\" width=\"800\" height=\"400\" data-id=\"615\" src=\"https:\/\/987aldia.com\/web\/wp-content\/uploads\/2023\/02\/Sin-titulo-21.jpg\" alt=\"\" class=\"wp-image-615\" srcset=\"https:\/\/987aldia.com\/web\/wp-content\/uploads\/2023\/02\/Sin-titulo-21.jpg 800w, https:\/\/987aldia.com\/web\/wp-content\/uploads\/2023\/02\/Sin-titulo-21-300x150.jpg 300w, https:\/\/987aldia.com\/web\/wp-content\/uploads\/2023\/02\/Sin-titulo-21-768x384.jpg 768w\" sizes=\"(max-width: 800px) 100vw, 800px\" \/><\/figure>\n<\/figure>\n\n\n\n<figure class=\"wp-block-gallery has-nested-images columns-default is-cropped wp-block-gallery-2 is-layout-flex wp-block-gallery-is-layout-flex\">\n<figure class=\"wp-block-image size-large\"><img decoding=\"async\" width=\"800\" height=\"400\" data-id=\"616\" src=\"https:\/\/987aldia.com\/web\/wp-content\/uploads\/2023\/02\/Sin-titulo-1.jpg\" alt=\"\" class=\"wp-image-616\" srcset=\"https:\/\/987aldia.com\/web\/wp-content\/uploads\/2023\/02\/Sin-titulo-1.jpg 800w, https:\/\/987aldia.com\/web\/wp-content\/uploads\/2023\/02\/Sin-titulo-1-300x150.jpg 300w, https:\/\/987aldia.com\/web\/wp-content\/uploads\/2023\/02\/Sin-titulo-1-768x384.jpg 768w\" sizes=\"(max-width: 800px) 100vw, 800px\" \/><\/figure>\n<\/figure>\n","protected":false},"excerpt":{"rendered":"<p>Con motivo del apeo de varios \u00e1rboles en la avenida Ingeniero S\u00e1enz de Miera, en las inmediaciones de las piscinas, la Polic\u00eda Local del Ayuntamiento Le\u00f3n prev\u00e9 restricciones para el tr\u00e1fico y los peatones durante el transcurso de los trabajos. Est\u00e1 previsto desempe\u00f1ar estos desde el lunes 27 de febrero al viernes 3 de marzo, [&hellip;]<\/p>\n","protected":false},"author":1,"featured_media":616,"comment_status":"open","ping_status":"closed","sticky":false,"template":"","format":"standard","meta":{"_monsterinsights_skip_tracking":false,"_monsterinsights_sitenote_active":false,"_monsterinsights_sitenote_note":"","_monsterinsights_sitenote_category":0,"site-container-style":"default","site-container-layout":"default","site-sidebar-layout":"default","disable-article-header":"default","disable-site-header":"default","disable-site-footer":"default","disable-content-area-spacing":"default","_jetpack_memberships_contains_paid_content":false,"footnotes":"","jetpack_publicize_message":"","jetpack_publicize_feature_enabled":true,"jetpack_social_post_already_shared":false,"jetpack_social_options":{"image_generator_settings":{"template":"highway","default_image_id":0,"font":"","enabled":false},"version":2}},"categories":[1],"tags":[],"class_list":["post-613","post","type-post","status-publish","format-standard","has-post-thumbnail","hentry","category-uncategorized"],"jetpack_publicize_connections":[],"jetpack_featured_media_url":"https:\/\/987aldia.com\/web\/wp-content\/uploads\/2023\/02\/Sin-titulo-1.jpg","jetpack_sharing_enabled":true,"_links":{"self":[{"href":"https:\/\/987aldia.com\/web\/wp-json\/wp\/v2\/posts\/613","targetHints":{"allow":["GET"]}}],"collection":[{"href":"https:\/\/987aldia.com\/web\/wp-json\/wp\/v2\/posts"}],"about":[{"href":"https:\/\/987aldia.com\/web\/wp-json\/wp\/v2\/types\/post"}],"author":[{"embeddable":true,"href":"https:\/\/987aldia.com\/web\/wp-json\/wp\/v2\/users\/1"}],"replies":[{"embeddable":true,"href":"https:\/\/987aldia.com\/web\/wp-json\/wp\/v2\/comments?post=613"}],"version-history":[{"count":2,"href":"https:\/\/987aldia.com\/web\/wp-json\/wp\/v2\/posts\/613\/revisions"}],"predecessor-version":[{"id":633,"href":"https:\/\/987aldia.com\/web\/wp-json\/wp\/v2\/posts\/613\/revisions\/633"}],"wp:featuredmedia":[{"embeddable":true,"href":"https:\/\/987aldia.com\/web\/wp-json\/wp\/v2\/media\/616"}],"wp:attachment":[{"href":"https:\/\/987aldia.com\/web\/wp-json\/wp\/v2\/media?parent=613"}],"wp:term":[{"taxonomy":"category","embeddable":true,"href":"https:\/\/987aldia.com\/web\/wp-json\/wp\/v2\/categories?post=613"},{"taxonomy":"post_tag","embeddable":true,"href":"https:\/\/987aldia.com\/web\/wp-json\/wp\/v2\/tags?post=613"}],"curies":[{"name":"wp","href":"https:\/\/api.w.org\/{rel}","templated":true}]}}