{"id":618,"date":"2023-02-25T09:10:35","date_gmt":"2023-02-25T09:10:35","guid":{"rendered":"https:\/\/987aldia.com\/web\/?p=618"},"modified":"2023-02-27T09:22:29","modified_gmt":"2023-02-27T09:22:29","slug":"la-oficina-de-consumo-de-la-diputacion-tiene-programadas-mas-de-50-charlas-por-la-provincia","status":"publish","type":"post","link":"https:\/\/987aldia.com\/web\/la-oficina-de-consumo-de-la-diputacion-tiene-programadas-mas-de-50-charlas-por-la-provincia\/","title":{"rendered":"<strong>La Oficina de Consumo de la Diputaci\u00f3n tiene programadas m\u00e1s de 50 charlas por la provincia<\/strong>"},"content":{"rendered":"\n<h2 class=\"wp-block-heading\"><strong>El servicio de la instituci\u00f3n provincial retoma la oferta de actividades informativas que se ponen a disposici\u00f3n de ayuntamientos, juntas vecinales y asociaciones<\/strong><\/h2>\n\n\n\n<p><strong>25 de febrero de 2023.-<\/strong> La Oficina Provincial de Consumo de la Diputaci\u00f3n de Le\u00f3n, enmarcada en el \u00e1rea de Derechos Sociales y Territorio Sostenible que dirige la diputada Carolina L\u00f3pez, retoma las charlas informativas sobre temas de inter\u00e9s para el consumidor impartidas a demanda por la provincia.<\/p>\n\n\n\n<p>Tras el par\u00f3n que impuso la pandemia por Covid, este servicio arrancaba de nuevo este curso con una oferta de m\u00e1s de una decena de charlas que ayuntamientos, juntas vecinales, asociaciones o colectivos interesados pueden solicitar para que sean impartidas por el personal t\u00e9cnico de esta oficina en la ubicaci\u00f3n requerida.&nbsp;<\/p>\n\n\n\n<p>Las entidades interesadas deben presentar, a trav\u00e9s de registro, su solicitud a la Oficina de Consumo de la Diputaci\u00f3n de Le\u00f3n mediante el modelo que se ofrece en la web y en la sede electr\u00f3nica de la instituci\u00f3n. La Oficina adjudicar\u00e1 fecha y hora de celebraci\u00f3n de la actividad seg\u00fan disponibilidad, aunque procurando siempre adaptarse a las preferencias de la entidad solicitante.<\/p>\n\n\n\n<p>El listado de charlas que se ofrece aborda asuntos relacionados con el suministro el\u00e9ctrico, el ahorro de energ\u00eda, bancos, seguros, telecomunicaciones, comercio y alimentaci\u00f3n.<\/p>\n\n\n\n<p>Hasta la fecha, el servicio ha recibido 54 solicitudes y ya se han impartido nueve charlas en Sahechores de Rueda, La Granja de San Vicente, Ruiforco de Tor\u00edo, Santa Colomba de Somoza, Vega de Espinareda, Toral de los Guzmanes, Cubillos del Sil, Fresnedo y Finolledo. La pr\u00f3xima est\u00e1 programada este lunes, 27 de febrero, en Zotes del P\u00e1ramo a solicitud de la junta vecinal. Se celebrar\u00e1 en dependencias municipales a partir de las 17:30 horas y versar\u00e1 sobre la contrataci\u00f3n de seguros. Un d\u00eda despu\u00e9s, el martes, la Casa de Cultura de Camponaraya acoger\u00e1, a partir de las 18:00 horas, una charla sobre consumo responsable y ahorro de energ\u00eda tal y como se solicitaba desde el ayuntamiento.<\/p>\n\n\n\n<p>A lo largo del mes de marzo hay concertadas tambi\u00e9n charlas en Luyego de Somoza (d\u00eda 6), Quintana del Castillo (d\u00eda 8), La Virgen del Camino (d\u00eda 13), Villoria de \u00d3rbigo (d\u00eda 14), Valderas (d\u00eda 16), Jim\u00e9nez de Jamuz (d\u00eda 20), Villamont\u00e1n de la Valduerna (d\u00eda 22), Vega de Infanzones (d\u00eda 23), Toral de los Vados (d\u00eda 29) y Grulleros (d\u00eda 30).<\/p>\n\n\n\n<p>La Oficina Provincial de Consumo tiene sedes en Le\u00f3n y Ponferrada con las que los consumidores de la provincia pueden contactar a trav\u00e9s de los tel\u00e9fonos 987 085 042 (Le\u00f3n) y 987 427 777 (Ponferrada), del correo electr\u00f3nico <a href=\"mailto:consumo@dipuleon.es\">consumo@dipuleon.es<\/a> y de la sede electr\u00f3nica <a href=\"https:\/\/sede.dipuleon.es\/\">https:\/\/sede.dipuleon.es\/<\/a>.<\/p>\n","protected":false},"excerpt":{"rendered":"<p>El servicio de la instituci\u00f3n provincial retoma la oferta de actividades informativas que se ponen a disposici\u00f3n de ayuntamientos, juntas vecinales y asociaciones 25 de febrero de 2023.- La Oficina Provincial de Consumo de la Diputaci\u00f3n de Le\u00f3n, enmarcada en el \u00e1rea de Derechos Sociales y Territorio Sostenible que dirige la diputada Carolina L\u00f3pez, retoma [&hellip;]<\/p>\n","protected":false},"author":1,"featured_media":619,"comment_status":"open","ping_status":"closed","sticky":false,"template":"","format":"standard","meta":{"_monsterinsights_skip_tracking":false,"_monsterinsights_sitenote_active":false,"_monsterinsights_sitenote_note":"","_monsterinsights_sitenote_category":0,"site-container-style":"default","site-container-layout":"default","site-sidebar-layout":"default","disable-article-header":"default","disable-site-header":"default","disable-site-footer":"default","disable-content-area-spacing":"default","_jetpack_memberships_contains_paid_content":false,"footnotes":"","jetpack_publicize_message":"","jetpack_publicize_feature_enabled":true,"jetpack_social_post_already_shared":false,"jetpack_social_options":{"image_generator_settings":{"template":"highway","default_image_id":0,"font":"","enabled":false},"version":2}},"categories":[7],"tags":[],"class_list":["post-618","post","type-post","status-publish","format-standard","has-post-thumbnail","hentry","category-notas-de-prensa"],"jetpack_publicize_connections":[],"jetpack_featured_media_url":"https:\/\/987aldia.com\/web\/wp-content\/uploads\/2023\/02\/sala-espera-monitores.jpg","jetpack_sharing_enabled":true,"_links":{"self":[{"href":"https:\/\/987aldia.com\/web\/wp-json\/wp\/v2\/posts\/618","targetHints":{"allow":["GET"]}}],"collection":[{"href":"https:\/\/987aldia.com\/web\/wp-json\/wp\/v2\/posts"}],"about":[{"href":"https:\/\/987aldia.com\/web\/wp-json\/wp\/v2\/types\/post"}],"author":[{"embeddable":true,"href":"https:\/\/987aldia.com\/web\/wp-json\/wp\/v2\/users\/1"}],"replies":[{"embeddable":true,"href":"https:\/\/987aldia.com\/web\/wp-json\/wp\/v2\/comments?post=618"}],"version-history":[{"count":1,"href":"https:\/\/987aldia.com\/web\/wp-json\/wp\/v2\/posts\/618\/revisions"}],"predecessor-version":[{"id":620,"href":"https:\/\/987aldia.com\/web\/wp-json\/wp\/v2\/posts\/618\/revisions\/620"}],"wp:featuredmedia":[{"embeddable":true,"href":"https:\/\/987aldia.com\/web\/wp-json\/wp\/v2\/media\/619"}],"wp:attachment":[{"href":"https:\/\/987aldia.com\/web\/wp-json\/wp\/v2\/media?parent=618"}],"wp:term":[{"taxonomy":"category","embeddable":true,"href":"https:\/\/987aldia.com\/web\/wp-json\/wp\/v2\/categories?post=618"},{"taxonomy":"post_tag","embeddable":true,"href":"https:\/\/987aldia.com\/web\/wp-json\/wp\/v2\/tags?post=618"}],"curies":[{"name":"wp","href":"https:\/\/api.w.org\/{rel}","templated":true}]}}