{"id":624,"date":"2023-02-27T09:17:18","date_gmt":"2023-02-27T09:17:18","guid":{"rendered":"https:\/\/987aldia.com\/web\/?p=624"},"modified":"2023-02-27T09:17:19","modified_gmt":"2023-02-27T09:17:19","slug":"el-auditorio-ciudad-de-leon-acoge-este-miercoles-la-obra-cigarreras","status":"publish","type":"post","link":"https:\/\/987aldia.com\/web\/el-auditorio-ciudad-de-leon-acoge-este-miercoles-la-obra-cigarreras\/","title":{"rendered":"<strong>El Auditorio Ciudad de Le\u00f3n acoge este mi\u00e9rcoles la obra \u2018Cigarreras\u2019<\/strong>"},"content":{"rendered":"\n<h2 class=\"wp-block-heading\">La funci\u00f3n, que se incluye en la programaci\u00f3n de la Concejal\u00eda de Acci\u00f3n y Promoci\u00f3n Cultural, est\u00e1 basada en la obra \u2018La Tribuna\u2019 de Emilia Pardo Baz\u00e1n<\/h2>\n\n\n\n<p>El Auditorio Ciudad de Le\u00f3n acoge este mi\u00e9rcoles, 1 de marzo, el montaje \u2018Cigarreras\u2019 de Contraprodutions. La funci\u00f3n, que se incluye en la programaci\u00f3n de la Concejal\u00eda de Acci\u00f3n y Promoci\u00f3n Cultural, est\u00e1 basada en la obra \u2018La Tribuna\u2019 de Emilia Pardo Baz\u00e1n. Comenzar\u00e1 a las 20.30 horas y la duraci\u00f3n de la funci\u00f3n es de 115 minutos.<\/p>\n\n\n\n<p>Con la adaptaci\u00f3n y direcci\u00f3n de C\u00e1ndido Pazo, el espect\u00e1culo teatral cuenta con actrices como Tamara Canosa, Susana Dans, Merce Castro, Isabel Naviera, Covadonga Berdi\u00f1as, Ana Santos y Ledicia Sola.<\/p>\n\n\n\n<p>De la ingente producci\u00f3n literaria de la escritora gallega, esta compa\u00f1\u00eda ha elegido esta novela como columna vertebral de la puesta en escena de un texto que constituye un producto literario-dram\u00e1tico derivado pero independiente que, no pudiendo ser tan exhaustivo como la obra narrativa, procura su dinamismo, condensaci\u00f3n e intensidad que requiere el g\u00e9nero dram\u00e1tico. El espectador que acuda a ver las \u2018Cigarreras\u2019 al Auditorio estar\u00e1 ante la historia de una relaci\u00f3n socialmente imposible entre una proletaria y un burgu\u00e9s.<\/p>\n\n\n\n<p>La obra tambi\u00e9n puede ser le\u00edda como un testimonio de la crisis pol\u00edtica que en 1868 llev\u00f3 a la ca\u00edda de la dinast\u00eda borb\u00f3nica y en 1873 a la proclamaci\u00f3n de la I Rep\u00fablica. Toda una \u00e9poca confusa y convulsa en la que resuenan muchos ecos de la actualidad. Una gestaci\u00f3n y un alumbramiento sincronizado con los avatares de la protagonista, que cuando est\u00e1 dando a luz a su hijo bastardo, oye la voz de una multitud en la calle que grita: \u00a1Viva la Rep\u00fablica Federal!<\/p>\n\n\n\n<p>El precio de las entradas es de 10 euros y est\u00e1 incluido en el abono de adultos.<\/p>\n\n\n\n<figure class=\"wp-block-gallery has-nested-images columns-default is-cropped wp-block-gallery-1 is-layout-flex wp-block-gallery-is-layout-flex\">\n<figure class=\"wp-block-image size-large\"><img fetchpriority=\"high\" decoding=\"async\" width=\"427\" height=\"640\" data-id=\"626\" src=\"https:\/\/987aldia.com\/web\/wp-content\/uploads\/2023\/02\/BCC_8511_1-cigarreirasescea.jpg\" alt=\"\" class=\"wp-image-626\" srcset=\"https:\/\/987aldia.com\/web\/wp-content\/uploads\/2023\/02\/BCC_8511_1-cigarreirasescea.jpg 427w, https:\/\/987aldia.com\/web\/wp-content\/uploads\/2023\/02\/BCC_8511_1-cigarreirasescea-200x300.jpg 200w\" sizes=\"(max-width: 427px) 100vw, 427px\" \/><\/figure>\n\n\n\n<figure class=\"wp-block-image size-large\"><img decoding=\"async\" width=\"640\" height=\"427\" data-id=\"628\" src=\"https:\/\/987aldia.com\/web\/wp-content\/uploads\/2023\/02\/BCC_8631_1-cigarreirasescea.jpg\" alt=\"\" class=\"wp-image-628\" srcset=\"https:\/\/987aldia.com\/web\/wp-content\/uploads\/2023\/02\/BCC_8631_1-cigarreirasescea.jpg 640w, https:\/\/987aldia.com\/web\/wp-content\/uploads\/2023\/02\/BCC_8631_1-cigarreirasescea-300x200.jpg 300w\" sizes=\"(max-width: 640px) 100vw, 640px\" \/><\/figure>\n\n\n\n<figure class=\"wp-block-image size-large\"><img decoding=\"async\" width=\"640\" height=\"427\" data-id=\"627\" src=\"https:\/\/987aldia.com\/web\/wp-content\/uploads\/2023\/02\/DSC_9701_1-cigarreirasescea.jpg\" alt=\"\" class=\"wp-image-627\" srcset=\"https:\/\/987aldia.com\/web\/wp-content\/uploads\/2023\/02\/DSC_9701_1-cigarreirasescea.jpg 640w, https:\/\/987aldia.com\/web\/wp-content\/uploads\/2023\/02\/DSC_9701_1-cigarreirasescea-300x200.jpg 300w\" sizes=\"(max-width: 640px) 100vw, 640px\" \/><\/figure>\n<\/figure>\n","protected":false},"excerpt":{"rendered":"<p>La funci\u00f3n, que se incluye en la programaci\u00f3n de la Concejal\u00eda de Acci\u00f3n y Promoci\u00f3n Cultural, est\u00e1 basada en la obra \u2018La Tribuna\u2019 de Emilia Pardo Baz\u00e1n El Auditorio Ciudad de Le\u00f3n acoge este mi\u00e9rcoles, 1 de marzo, el montaje \u2018Cigarreras\u2019 de Contraprodutions. La funci\u00f3n, que se incluye en la programaci\u00f3n de la Concejal\u00eda de [&hellip;]<\/p>\n","protected":false},"author":1,"featured_media":625,"comment_status":"open","ping_status":"closed","sticky":false,"template":"","format":"standard","meta":{"_monsterinsights_skip_tracking":false,"_monsterinsights_sitenote_active":false,"_monsterinsights_sitenote_note":"","_monsterinsights_sitenote_category":0,"site-container-style":"default","site-container-layout":"default","site-sidebar-layout":"default","disable-article-header":"default","disable-site-header":"default","disable-site-footer":"default","disable-content-area-spacing":"default","_jetpack_memberships_contains_paid_content":false,"footnotes":"","jetpack_publicize_message":"","jetpack_publicize_feature_enabled":true,"jetpack_social_post_already_shared":false,"jetpack_social_options":{"image_generator_settings":{"template":"highway","default_image_id":0,"font":"","enabled":false},"version":2}},"categories":[7],"tags":[],"class_list":["post-624","post","type-post","status-publish","format-standard","has-post-thumbnail","hentry","category-notas-de-prensa"],"jetpack_publicize_connections":[],"jetpack_featured_media_url":"https:\/\/987aldia.com\/web\/wp-content\/uploads\/2023\/02\/cigarreras-2.jpg","jetpack_sharing_enabled":true,"_links":{"self":[{"href":"https:\/\/987aldia.com\/web\/wp-json\/wp\/v2\/posts\/624","targetHints":{"allow":["GET"]}}],"collection":[{"href":"https:\/\/987aldia.com\/web\/wp-json\/wp\/v2\/posts"}],"about":[{"href":"https:\/\/987aldia.com\/web\/wp-json\/wp\/v2\/types\/post"}],"author":[{"embeddable":true,"href":"https:\/\/987aldia.com\/web\/wp-json\/wp\/v2\/users\/1"}],"replies":[{"embeddable":true,"href":"https:\/\/987aldia.com\/web\/wp-json\/wp\/v2\/comments?post=624"}],"version-history":[{"count":1,"href":"https:\/\/987aldia.com\/web\/wp-json\/wp\/v2\/posts\/624\/revisions"}],"predecessor-version":[{"id":629,"href":"https:\/\/987aldia.com\/web\/wp-json\/wp\/v2\/posts\/624\/revisions\/629"}],"wp:featuredmedia":[{"embeddable":true,"href":"https:\/\/987aldia.com\/web\/wp-json\/wp\/v2\/media\/625"}],"wp:attachment":[{"href":"https:\/\/987aldia.com\/web\/wp-json\/wp\/v2\/media?parent=624"}],"wp:term":[{"taxonomy":"category","embeddable":true,"href":"https:\/\/987aldia.com\/web\/wp-json\/wp\/v2\/categories?post=624"},{"taxonomy":"post_tag","embeddable":true,"href":"https:\/\/987aldia.com\/web\/wp-json\/wp\/v2\/tags?post=624"}],"curies":[{"name":"wp","href":"https:\/\/api.w.org\/{rel}","templated":true}]}}