{"id":6262,"date":"2025-04-15T16:07:58","date_gmt":"2025-04-15T14:07:58","guid":{"rendered":"https:\/\/987aldia.com\/web\/manueco-une-fuerzas-para-hacer-frente-a-los-aranceles-de-estados-unidos\/"},"modified":"2025-04-15T16:07:58","modified_gmt":"2025-04-15T14:07:58","slug":"manueco-une-fuerzas-para-hacer-frente-a-los-aranceles-de-estados-unidos","status":"publish","type":"post","link":"https:\/\/987aldia.com\/web\/manueco-une-fuerzas-para-hacer-frente-a-los-aranceles-de-estados-unidos\/","title":{"rendered":"Ma\u00f1ueco une fuerzas para hacer frente a los aranceles de Estados Unidos."},"content":{"rendered":"<p>El presidente de la Junta de Castilla y Le\u00f3n, Alfonso Fern\u00e1ndez Ma\u00f1ueco, ha puesto en marcha una estrategia conjunta para hacer frente a los aranceles impuestos por Estados Unidos. Consciente de la importancia de proteger los intereses de la regi\u00f3n ante esta situaci\u00f3n, Ma\u00f1ueco ha convocado a diferentes sectores y agentes econ\u00f3micos para trabajar de forma coordinada en la b\u00fasqueda de soluciones.<\/p>\n<p>Ante la incertidumbre y las posibles repercusiones que estos aranceles puedan tener en la econom\u00eda de Castilla y Le\u00f3n, el mandatario ha mostrado su determinaci\u00f3n en defender los productos y empresas de la regi\u00f3n. La unidad y colaboraci\u00f3n entre todos los implicados se presenta como la clave para hacer frente a esta situaci\u00f3n que amenaza con afectar al comercio internacional y a la estabilidad econ\u00f3mica de la regi\u00f3n.<\/p>\n<p>En este contexto, se espera que las medidas articuladas por Ma\u00f1ueco y su equipo contribuyan a mitigar los efectos de los aranceles y a proteger los intereses de Castilla y Le\u00f3n en un escenario internacional complejo y cambiante. La coordinaci\u00f3n y el trabajo conjunto se perfilan como las herramientas fundamentales para afrontar este desaf\u00edo y garantizar un futuro pr\u00f3spero para la regi\u00f3n.<\/p>\n","protected":false},"excerpt":{"rendered":"<p>El presidente de la Junta de Castilla y Le\u00f3n, Alfonso Fern\u00e1ndez Ma\u00f1ueco, ha puesto en marcha una estrategia conjunta para hacer frente a los aranceles impuestos por Estados Unidos. Consciente de la importancia de proteger los intereses de la regi\u00f3n ante esta situaci\u00f3n, Ma\u00f1ueco ha convocado a diferentes sectores y agentes econ\u00f3micos para trabajar de [&hellip;]<\/p>\n","protected":false},"author":1,"featured_media":6263,"comment_status":"open","ping_status":"closed","sticky":false,"template":"","format":"standard","meta":{"_monsterinsights_skip_tracking":false,"_monsterinsights_sitenote_active":false,"_monsterinsights_sitenote_note":"","_monsterinsights_sitenote_category":0,"site-container-style":"default","site-container-layout":"default","site-sidebar-layout":"default","disable-article-header":"default","disable-site-header":"default","disable-site-footer":"default","disable-content-area-spacing":"default","_jetpack_memberships_contains_paid_content":false,"footnotes":"","jetpack_publicize_message":"","jetpack_publicize_feature_enabled":true,"jetpack_social_post_already_shared":true,"jetpack_social_options":{"image_generator_settings":{"template":"highway","default_image_id":0,"font":"","enabled":false},"version":2}},"categories":[1],"tags":[],"class_list":["post-6262","post","type-post","status-publish","format-standard","has-post-thumbnail","hentry","category-uncategorized"],"jetpack_publicize_connections":[],"jetpack_featured_media_url":"https:\/\/987aldia.com\/web\/wp-content\/uploads\/2025\/04\/67fe683e834ce.jpg","jetpack_sharing_enabled":true,"_links":{"self":[{"href":"https:\/\/987aldia.com\/web\/wp-json\/wp\/v2\/posts\/6262","targetHints":{"allow":["GET"]}}],"collection":[{"href":"https:\/\/987aldia.com\/web\/wp-json\/wp\/v2\/posts"}],"about":[{"href":"https:\/\/987aldia.com\/web\/wp-json\/wp\/v2\/types\/post"}],"author":[{"embeddable":true,"href":"https:\/\/987aldia.com\/web\/wp-json\/wp\/v2\/users\/1"}],"replies":[{"embeddable":true,"href":"https:\/\/987aldia.com\/web\/wp-json\/wp\/v2\/comments?post=6262"}],"version-history":[{"count":0,"href":"https:\/\/987aldia.com\/web\/wp-json\/wp\/v2\/posts\/6262\/revisions"}],"wp:featuredmedia":[{"embeddable":true,"href":"https:\/\/987aldia.com\/web\/wp-json\/wp\/v2\/media\/6263"}],"wp:attachment":[{"href":"https:\/\/987aldia.com\/web\/wp-json\/wp\/v2\/media?parent=6262"}],"wp:term":[{"taxonomy":"category","embeddable":true,"href":"https:\/\/987aldia.com\/web\/wp-json\/wp\/v2\/categories?post=6262"},{"taxonomy":"post_tag","embeddable":true,"href":"https:\/\/987aldia.com\/web\/wp-json\/wp\/v2\/tags?post=6262"}],"curies":[{"name":"wp","href":"https:\/\/api.w.org\/{rel}","templated":true}]}}