{"id":634,"date":"2023-02-26T10:08:18","date_gmt":"2023-02-26T10:08:18","guid":{"rendered":"https:\/\/987aldia.com\/web\/?p=634"},"modified":"2023-02-27T10:12:08","modified_gmt":"2023-02-27T10:12:08","slug":"la-seleccion-femenina-sub17-de-castilla-y-leon-en-semifinales","status":"publish","type":"post","link":"https:\/\/987aldia.com\/web\/la-seleccion-femenina-sub17-de-castilla-y-leon-en-semifinales\/","title":{"rendered":"La Selecci\u00f3n femenina Sub17 de Castilla y Le\u00f3n, en semifinales"},"content":{"rendered":"\n<h2 class=\"wp-block-heading\"><strong>El combinado juvenil femenino de Castilla y Le\u00f3n ha conseguido clasificarse entre las cuatro mejores selecciones del pa\u00eds.<\/strong><\/h2>\n\n\n\n<p><strong>Andaluc\u00eda &#8211; Madrid y Catalu\u00f1a &#8211; Castilla y Le\u00f3n <\/strong>ser\u00e1n las <strong>semifinales del Campeonato de Espa\u00f1a los pr\u00f3ximos 8 y 9 de junio.<\/strong><\/p>\n\n\n\n<p>Sin duda, una <strong>clasificaci\u00f3n muy meritoria<\/strong> para la Selecci\u00f3n castellana y leonesa que ha luchado en la II Fase del Nacional, disputada en Almer\u00eda en tres intens\u00edsimas jornadas durante este fin de semana, por hacerse un hueco en la ronda final como as\u00ed ha sido.\u00a0 El combinado Sub17 \u00fanicamente ha perdido por la m\u00ednima hoy domingo en el \u00faltimo encuentro ante Andaluc\u00eda. En las primera y segunda jornada cosech\u00f3 dos victorias valios\u00edsimas ante Galicia\u00a0 y Navarra\u00a0<em><strong>\u00abEstamos muy contentas de haber logrado la clasificaci\u00f3n; es una pena no haber ganado hoy pero el trabajo estaba cumplido. El f\u00edsico de Andaluc\u00eda se ha impuesto en este \u00faltimo partido, no es f\u00e1cil disputar tres\u00a0encuentros seguidos en esta competici\u00f3n nacional tan exigente. Jugar la semifinal\u00a0ser\u00e1 un premio \u00ab,\u00a0<\/strong><\/em>declaraba Numi Ant\u00f3n, seleccionador auton\u00f3mico, tras la finalizaci\u00f3n del Campeonato.<\/p>\n\n\n\n<figure class=\"wp-block-image aligncenter size-large\"><img fetchpriority=\"high\" decoding=\"async\" width=\"1024\" height=\"768\" src=\"https:\/\/987aldia.com\/web\/wp-content\/uploads\/2023\/02\/image-1024x768.png\" alt=\"\" class=\"wp-image-635\" srcset=\"https:\/\/987aldia.com\/web\/wp-content\/uploads\/2023\/02\/image-1024x768.png 1024w, https:\/\/987aldia.com\/web\/wp-content\/uploads\/2023\/02\/image-300x225.png 300w, https:\/\/987aldia.com\/web\/wp-content\/uploads\/2023\/02\/image-768x576.png 768w, https:\/\/987aldia.com\/web\/wp-content\/uploads\/2023\/02\/image.png 1063w\" sizes=\"(max-width: 1024px) 100vw, 1024px\" \/><figcaption class=\"wp-element-caption\"><strong><em>Las futbolistas Sub17 de Castilla y Le\u00f3n, que han conseguido clasificarse para semifinales<\/em><\/strong><\/figcaption><\/figure>\n\n\n\n<p><strong>A las puertas de semifinales se ha quedado el combinado Sub15<\/strong>. Hoy, ante Pa\u00eds Vasco, deb\u00eda ganar si quer\u00eda imitar la clasificaci\u00f3n de su Selecci\u00f3n \u00abmayor\u00bb; pero no ha sido as\u00ed. Castilla y Le\u00f3n ha firmado un <strong>encuentro intenso y de calidad,<\/strong> yendo siempre por delante en el marcador; sin embargo Pa\u00eds Vasco ha empatado a tres tantos en la \u00faltima parte, llev\u00e1ndose el pase a semifinales. Castilla y Le\u00f3n Sub15 llegaba a esta \u00faltima jornada del Campeonato de Espa\u00f1a con todas las posibilidades, sumando una derrota abultada ante Madrid el d\u00eda inaugural y una victoria ante Navarra en la jornada de ayer.\u00a0<\/p>\n\n\n\n<figure class=\"wp-block-image aligncenter size-large\"><img decoding=\"async\" width=\"1024\" height=\"768\" src=\"https:\/\/987aldia.com\/web\/wp-content\/uploads\/2023\/02\/image-1-1024x768.png\" alt=\"\" class=\"wp-image-636\" srcset=\"https:\/\/987aldia.com\/web\/wp-content\/uploads\/2023\/02\/image-1-1024x768.png 1024w, https:\/\/987aldia.com\/web\/wp-content\/uploads\/2023\/02\/image-1-300x225.png 300w, https:\/\/987aldia.com\/web\/wp-content\/uploads\/2023\/02\/image-1-768x576.png 768w, https:\/\/987aldia.com\/web\/wp-content\/uploads\/2023\/02\/image-1.png 1063w\" sizes=\"(max-width: 1024px) 100vw, 1024px\" \/><figcaption class=\"wp-element-caption\"><strong><em>La Selecci\u00f3n Sub15 de Castilla y Le\u00f3n, a las puertas de la fase final<\/em><\/strong><\/figcaption><\/figure>\n","protected":false},"excerpt":{"rendered":"<p>El combinado juvenil femenino de Castilla y Le\u00f3n ha conseguido clasificarse entre las cuatro mejores selecciones del pa\u00eds. Andaluc\u00eda &#8211; Madrid y Catalu\u00f1a &#8211; Castilla y Le\u00f3n ser\u00e1n las semifinales del Campeonato de Espa\u00f1a los pr\u00f3ximos 8 y 9 de junio. Sin duda, una clasificaci\u00f3n muy meritoria para la Selecci\u00f3n castellana y leonesa que ha [&hellip;]<\/p>\n","protected":false},"author":1,"featured_media":637,"comment_status":"open","ping_status":"closed","sticky":false,"template":"","format":"standard","meta":{"_monsterinsights_skip_tracking":false,"_monsterinsights_sitenote_active":false,"_monsterinsights_sitenote_note":"","_monsterinsights_sitenote_category":0,"site-container-style":"default","site-container-layout":"default","site-sidebar-layout":"default","disable-article-header":"default","disable-site-header":"default","disable-site-footer":"default","disable-content-area-spacing":"default","_jetpack_memberships_contains_paid_content":false,"footnotes":"","jetpack_publicize_message":"","jetpack_publicize_feature_enabled":true,"jetpack_social_post_already_shared":false,"jetpack_social_options":{"image_generator_settings":{"template":"highway","default_image_id":0,"font":"","enabled":false},"version":2}},"categories":[10],"tags":[],"class_list":["post-634","post","type-post","status-publish","format-standard","has-post-thumbnail","hentry","category-castilla-y-leon"],"jetpack_publicize_connections":[],"jetpack_featured_media_url":"https:\/\/987aldia.com\/web\/wp-content\/uploads\/2023\/02\/Sin-titulo-1-1.jpg","jetpack_sharing_enabled":true,"_links":{"self":[{"href":"https:\/\/987aldia.com\/web\/wp-json\/wp\/v2\/posts\/634","targetHints":{"allow":["GET"]}}],"collection":[{"href":"https:\/\/987aldia.com\/web\/wp-json\/wp\/v2\/posts"}],"about":[{"href":"https:\/\/987aldia.com\/web\/wp-json\/wp\/v2\/types\/post"}],"author":[{"embeddable":true,"href":"https:\/\/987aldia.com\/web\/wp-json\/wp\/v2\/users\/1"}],"replies":[{"embeddable":true,"href":"https:\/\/987aldia.com\/web\/wp-json\/wp\/v2\/comments?post=634"}],"version-history":[{"count":1,"href":"https:\/\/987aldia.com\/web\/wp-json\/wp\/v2\/posts\/634\/revisions"}],"predecessor-version":[{"id":638,"href":"https:\/\/987aldia.com\/web\/wp-json\/wp\/v2\/posts\/634\/revisions\/638"}],"wp:featuredmedia":[{"embeddable":true,"href":"https:\/\/987aldia.com\/web\/wp-json\/wp\/v2\/media\/637"}],"wp:attachment":[{"href":"https:\/\/987aldia.com\/web\/wp-json\/wp\/v2\/media?parent=634"}],"wp:term":[{"taxonomy":"category","embeddable":true,"href":"https:\/\/987aldia.com\/web\/wp-json\/wp\/v2\/categories?post=634"},{"taxonomy":"post_tag","embeddable":true,"href":"https:\/\/987aldia.com\/web\/wp-json\/wp\/v2\/tags?post=634"}],"curies":[{"name":"wp","href":"https:\/\/api.w.org\/{rel}","templated":true}]}}