{"id":6436,"date":"2025-04-25T04:05:58","date_gmt":"2025-04-25T02:05:58","guid":{"rendered":"https:\/\/987aldia.com\/web\/don-vito-de-vuelta-a-casa-cristina-fanjul-y-victor-del-reguero-presentan-en-ponferrada-su-libro-sobre-el-rey-del-carbon-tras-el-mago-de-oz\/"},"modified":"2025-04-25T04:05:58","modified_gmt":"2025-04-25T02:05:58","slug":"don-vito-de-vuelta-a-casa-cristina-fanjul-y-victor-del-reguero-presentan-en-ponferrada-su-libro-sobre-el-rey-del-carbon-tras-el-mago-de-oz","status":"publish","type":"post","link":"https:\/\/987aldia.com\/web\/don-vito-de-vuelta-a-casa-cristina-fanjul-y-victor-del-reguero-presentan-en-ponferrada-su-libro-sobre-el-rey-del-carbon-tras-el-mago-de-oz\/","title":{"rendered":"&#8216;Don Vito&#8217; de vuelta a casa: Cristina Fanjul y V\u00edctor del Reguero presentan en Ponferrada su libro sobre el rey del carb\u00f3n tras el Mago de Oz"},"content":{"rendered":"<p>En un recorrido literario por la Feria del Libro de Ponferrada, dos autores locales han conquistado el coraz\u00f3n de los asistentes con su original propuesta. Cristina Fanjul y V\u00edctor del Reguero presentaron su libro titulado &#8216;Don Vito&#8217; despu\u00e9s del Mago de Oz, una obra que fusiona la magia de la cl\u00e1sica historia de Frank Baum con la vida del legendario rey del carb\u00f3n.<\/p>\n<p>La iniciativa de Asprona de organizar una lectura inclusiva de esta obra infantil ha sido todo un \u00e9xito, demostrando una vez m\u00e1s la importancia de la literatura como herramienta de integraci\u00f3n social. Los asistentes pudieron disfrutar de un relato que, a trav\u00e9s de la fantas\u00eda y la realidad, invita a reflexionar sobre la importancia de la tolerancia y la diversidad.<\/p>\n<p>El talento local brill\u00f3 en la Feria del Libro de Ponferrada gracias a la creatividad de Fanjul y del Reguero, quienes lograron transportar a los lectores a un universo donde la imaginaci\u00f3n y la realidad se entrelazan de manera \u00fanica. Sin duda, &#8216;Don Vito&#8217; despu\u00e9s del Mago de Oz se ha convertido en una lectura imprescindible para todos aquellos que buscan una historia que toque sus corazones y los haga reflexionar sobre el mundo que les rodea.<\/p>\n","protected":false},"excerpt":{"rendered":"<p>En un recorrido literario por la Feria del Libro de Ponferrada, dos autores locales han conquistado el coraz\u00f3n de los asistentes con su original propuesta. Cristina Fanjul y V\u00edctor del Reguero presentaron su libro titulado &#8216;Don Vito&#8217; despu\u00e9s del Mago de Oz, una obra que fusiona la magia de la cl\u00e1sica historia de Frank Baum [&hellip;]<\/p>\n","protected":false},"author":1,"featured_media":6437,"comment_status":"open","ping_status":"closed","sticky":false,"template":"","format":"standard","meta":{"_monsterinsights_skip_tracking":false,"_monsterinsights_sitenote_active":false,"_monsterinsights_sitenote_note":"","_monsterinsights_sitenote_category":0,"site-container-style":"default","site-container-layout":"default","site-sidebar-layout":"default","disable-article-header":"default","disable-site-header":"default","disable-site-footer":"default","disable-content-area-spacing":"default","_jetpack_memberships_contains_paid_content":false,"footnotes":"","jetpack_publicize_message":"","jetpack_publicize_feature_enabled":true,"jetpack_social_post_already_shared":true,"jetpack_social_options":{"image_generator_settings":{"template":"highway","default_image_id":0,"font":"","enabled":false},"version":2}},"categories":[1],"tags":[],"class_list":["post-6436","post","type-post","status-publish","format-standard","has-post-thumbnail","hentry","category-uncategorized"],"jetpack_publicize_connections":[],"jetpack_featured_media_url":"https:\/\/987aldia.com\/web\/wp-content\/uploads\/2025\/04\/680aee06144ba.jpg","jetpack_sharing_enabled":true,"_links":{"self":[{"href":"https:\/\/987aldia.com\/web\/wp-json\/wp\/v2\/posts\/6436","targetHints":{"allow":["GET"]}}],"collection":[{"href":"https:\/\/987aldia.com\/web\/wp-json\/wp\/v2\/posts"}],"about":[{"href":"https:\/\/987aldia.com\/web\/wp-json\/wp\/v2\/types\/post"}],"author":[{"embeddable":true,"href":"https:\/\/987aldia.com\/web\/wp-json\/wp\/v2\/users\/1"}],"replies":[{"embeddable":true,"href":"https:\/\/987aldia.com\/web\/wp-json\/wp\/v2\/comments?post=6436"}],"version-history":[{"count":0,"href":"https:\/\/987aldia.com\/web\/wp-json\/wp\/v2\/posts\/6436\/revisions"}],"wp:featuredmedia":[{"embeddable":true,"href":"https:\/\/987aldia.com\/web\/wp-json\/wp\/v2\/media\/6437"}],"wp:attachment":[{"href":"https:\/\/987aldia.com\/web\/wp-json\/wp\/v2\/media?parent=6436"}],"wp:term":[{"taxonomy":"category","embeddable":true,"href":"https:\/\/987aldia.com\/web\/wp-json\/wp\/v2\/categories?post=6436"},{"taxonomy":"post_tag","embeddable":true,"href":"https:\/\/987aldia.com\/web\/wp-json\/wp\/v2\/tags?post=6436"}],"curies":[{"name":"wp","href":"https:\/\/api.w.org\/{rel}","templated":true}]}}