{"id":6438,"date":"2025-04-25T06:07:47","date_gmt":"2025-04-25T04:07:47","guid":{"rendered":"https:\/\/987aldia.com\/web\/la-junta-de-castilla-y-leon-destina-23-millones-de-euros-al-consejo-comarcal-del-bierzo\/"},"modified":"2025-04-25T06:07:47","modified_gmt":"2025-04-25T04:07:47","slug":"la-junta-de-castilla-y-leon-destina-23-millones-de-euros-al-consejo-comarcal-del-bierzo","status":"publish","type":"post","link":"https:\/\/987aldia.com\/web\/la-junta-de-castilla-y-leon-destina-23-millones-de-euros-al-consejo-comarcal-del-bierzo\/","title":{"rendered":"La Junta de Castilla y Le\u00f3n destina 2,3 millones de euros al Consejo Comarcal del Bierzo."},"content":{"rendered":"<p>La Junta de Castilla y Le\u00f3n ha destinado una suma de 2,3 millones de euros al Consejo Comarcal del Bierzo en virtud de un reciente convenio firmado entre ambas instituciones. Este acuerdo representa un importante impulso econ\u00f3mico para la regi\u00f3n, que se ver\u00e1 beneficiada con la implementaci\u00f3n de diversos proyectos y programas de desarrollo local.<\/p>\n<p>La colaboraci\u00f3n entre la Junta y el Consejo del Bierzo promete fortalecer la capacidad de la comarca para afrontar los retos y desaf\u00edos que se presentan en el \u00e1mbito social, econ\u00f3mico y medioambiental. Se espera que esta inyecci\u00f3n de fondos contribuya a dinamizar la econom\u00eda local, generar empleo y mejorar la calidad de vida de los habitantes de la zona.<\/p>\n<p>El compromiso de ambas entidades en la firma de este convenio demuestra la importancia de la cooperaci\u00f3n interinstitucional para impulsar el desarrollo regional y promover el bienestar de la comunidad. Con esta inversi\u00f3n, se abre un horizonte de oportunidades para el crecimiento y la prosperidad del Bierzo, consolidando su posici\u00f3n como una de las regiones m\u00e1s pujantes de Castilla y Le\u00f3n.<\/p>\n","protected":false},"excerpt":{"rendered":"<p>La Junta de Castilla y Le\u00f3n ha destinado una suma de 2,3 millones de euros al Consejo Comarcal del Bierzo en virtud de un reciente convenio firmado entre ambas instituciones. Este acuerdo representa un importante impulso econ\u00f3mico para la regi\u00f3n, que se ver\u00e1 beneficiada con la implementaci\u00f3n de diversos proyectos y programas de desarrollo local. [&hellip;]<\/p>\n","protected":false},"author":1,"featured_media":6439,"comment_status":"open","ping_status":"closed","sticky":false,"template":"","format":"standard","meta":{"_monsterinsights_skip_tracking":false,"_monsterinsights_sitenote_active":false,"_monsterinsights_sitenote_note":"","_monsterinsights_sitenote_category":0,"site-container-style":"default","site-container-layout":"default","site-sidebar-layout":"default","disable-article-header":"default","disable-site-header":"default","disable-site-footer":"default","disable-content-area-spacing":"default","_jetpack_memberships_contains_paid_content":false,"footnotes":"","jetpack_publicize_message":"","jetpack_publicize_feature_enabled":true,"jetpack_social_post_already_shared":true,"jetpack_social_options":{"image_generator_settings":{"template":"highway","default_image_id":0,"font":"","enabled":false},"version":2}},"categories":[1],"tags":[],"class_list":["post-6438","post","type-post","status-publish","format-standard","has-post-thumbnail","hentry","category-uncategorized"],"jetpack_publicize_connections":[],"jetpack_featured_media_url":"https:\/\/987aldia.com\/web\/wp-content\/uploads\/2025\/04\/680b0a9335b87.jpg","jetpack_sharing_enabled":true,"_links":{"self":[{"href":"https:\/\/987aldia.com\/web\/wp-json\/wp\/v2\/posts\/6438","targetHints":{"allow":["GET"]}}],"collection":[{"href":"https:\/\/987aldia.com\/web\/wp-json\/wp\/v2\/posts"}],"about":[{"href":"https:\/\/987aldia.com\/web\/wp-json\/wp\/v2\/types\/post"}],"author":[{"embeddable":true,"href":"https:\/\/987aldia.com\/web\/wp-json\/wp\/v2\/users\/1"}],"replies":[{"embeddable":true,"href":"https:\/\/987aldia.com\/web\/wp-json\/wp\/v2\/comments?post=6438"}],"version-history":[{"count":0,"href":"https:\/\/987aldia.com\/web\/wp-json\/wp\/v2\/posts\/6438\/revisions"}],"wp:featuredmedia":[{"embeddable":true,"href":"https:\/\/987aldia.com\/web\/wp-json\/wp\/v2\/media\/6439"}],"wp:attachment":[{"href":"https:\/\/987aldia.com\/web\/wp-json\/wp\/v2\/media?parent=6438"}],"wp:term":[{"taxonomy":"category","embeddable":true,"href":"https:\/\/987aldia.com\/web\/wp-json\/wp\/v2\/categories?post=6438"},{"taxonomy":"post_tag","embeddable":true,"href":"https:\/\/987aldia.com\/web\/wp-json\/wp\/v2\/tags?post=6438"}],"curies":[{"name":"wp","href":"https:\/\/api.w.org\/{rel}","templated":true}]}}