{"id":6440,"date":"2025-04-25T08:05:34","date_gmt":"2025-04-25T06:05:34","guid":{"rendered":"https:\/\/987aldia.com\/web\/la-junta-defiende-el-plan-sanitario-del-bierzo-a-pesar-de-la-escasez-de-medicos-no-podemos-limitar-su-libertad\/"},"modified":"2025-04-25T08:05:34","modified_gmt":"2025-04-25T06:05:34","slug":"la-junta-defiende-el-plan-sanitario-del-bierzo-a-pesar-de-la-escasez-de-medicos-no-podemos-limitar-su-libertad","status":"publish","type":"post","link":"https:\/\/987aldia.com\/web\/la-junta-defiende-el-plan-sanitario-del-bierzo-a-pesar-de-la-escasez-de-medicos-no-podemos-limitar-su-libertad\/","title":{"rendered":"La Junta defiende el plan sanitario del Bierzo a pesar de la escasez de m\u00e9dicos: \u00abNo podemos limitar su libertad\u00bb"},"content":{"rendered":"<p>La Junta de Castilla y Le\u00f3n ha salido en defensa del plan sanitario implementado en la comarca de El Bierzo, a pesar de las continuas carencias de personal m\u00e9dico que a\u00fan persisten en la zona. En una comparecencia ante las Cortes regionales, la directora general de Asistencia Sanitaria y Humanizaci\u00f3n ha reiterado la eficacia del plan, argumentando que \u00abno podemos ponerles cadenas en los pies\u00bb a los profesionales de la salud.<\/p>\n<p>Sin embargo, la oposici\u00f3n no ha quedado satisfecha con las explicaciones brindadas, cuestionando las cifras presentadas por la Junta y denunciando un empeoramiento en las listas de espera para acceder a atenci\u00f3n m\u00e9dica en la regi\u00f3n. Adem\u00e1s, se ha criticado la falta de avances en la aprobaci\u00f3n de un marco normativo espec\u00edfico para zonas con dificultades de cobertura sanitaria.<\/p>\n<p>La controversia en torno a la situaci\u00f3n sanitaria en El Bierzo contin\u00faa generando tensiones entre el gobierno auton\u00f3mico y los partidos de oposici\u00f3n, mientras la poblaci\u00f3n local sigue enfrentando dificultades para acceder a servicios m\u00e9dicos de calidad.<\/p>\n","protected":false},"excerpt":{"rendered":"<p>La Junta de Castilla y Le\u00f3n ha salido en defensa del plan sanitario implementado en la comarca de El Bierzo, a pesar de las continuas carencias de personal m\u00e9dico que a\u00fan persisten en la zona. En una comparecencia ante las Cortes regionales, la directora general de Asistencia Sanitaria y Humanizaci\u00f3n ha reiterado la eficacia del [&hellip;]<\/p>\n","protected":false},"author":1,"featured_media":6441,"comment_status":"open","ping_status":"closed","sticky":false,"template":"","format":"standard","meta":{"_monsterinsights_skip_tracking":false,"_monsterinsights_sitenote_active":false,"_monsterinsights_sitenote_note":"","_monsterinsights_sitenote_category":0,"site-container-style":"default","site-container-layout":"default","site-sidebar-layout":"default","disable-article-header":"default","disable-site-header":"default","disable-site-footer":"default","disable-content-area-spacing":"default","_jetpack_memberships_contains_paid_content":false,"footnotes":"","jetpack_publicize_message":"","jetpack_publicize_feature_enabled":true,"jetpack_social_post_already_shared":true,"jetpack_social_options":{"image_generator_settings":{"template":"highway","default_image_id":0,"font":"","enabled":false},"version":2}},"categories":[1],"tags":[],"class_list":["post-6440","post","type-post","status-publish","format-standard","has-post-thumbnail","hentry","category-uncategorized"],"jetpack_publicize_connections":[],"jetpack_featured_media_url":"https:\/\/987aldia.com\/web\/wp-content\/uploads\/2025\/04\/680b262e01885.jpg","jetpack_sharing_enabled":true,"_links":{"self":[{"href":"https:\/\/987aldia.com\/web\/wp-json\/wp\/v2\/posts\/6440","targetHints":{"allow":["GET"]}}],"collection":[{"href":"https:\/\/987aldia.com\/web\/wp-json\/wp\/v2\/posts"}],"about":[{"href":"https:\/\/987aldia.com\/web\/wp-json\/wp\/v2\/types\/post"}],"author":[{"embeddable":true,"href":"https:\/\/987aldia.com\/web\/wp-json\/wp\/v2\/users\/1"}],"replies":[{"embeddable":true,"href":"https:\/\/987aldia.com\/web\/wp-json\/wp\/v2\/comments?post=6440"}],"version-history":[{"count":0,"href":"https:\/\/987aldia.com\/web\/wp-json\/wp\/v2\/posts\/6440\/revisions"}],"wp:featuredmedia":[{"embeddable":true,"href":"https:\/\/987aldia.com\/web\/wp-json\/wp\/v2\/media\/6441"}],"wp:attachment":[{"href":"https:\/\/987aldia.com\/web\/wp-json\/wp\/v2\/media?parent=6440"}],"wp:term":[{"taxonomy":"category","embeddable":true,"href":"https:\/\/987aldia.com\/web\/wp-json\/wp\/v2\/categories?post=6440"},{"taxonomy":"post_tag","embeddable":true,"href":"https:\/\/987aldia.com\/web\/wp-json\/wp\/v2\/tags?post=6440"}],"curies":[{"name":"wp","href":"https:\/\/api.w.org\/{rel}","templated":true}]}}