{"id":6442,"date":"2025-04-25T10:09:46","date_gmt":"2025-04-25T08:09:46","guid":{"rendered":"https:\/\/987aldia.com\/web\/fito-y-los-fitipaldis-visitaran-ponferrada-en-su-proxima-gira-musical\/"},"modified":"2025-04-25T10:09:46","modified_gmt":"2025-04-25T08:09:46","slug":"fito-y-los-fitipaldis-visitaran-ponferrada-en-su-proxima-gira-musical","status":"publish","type":"post","link":"https:\/\/987aldia.com\/web\/fito-y-los-fitipaldis-visitaran-ponferrada-en-su-proxima-gira-musical\/","title":{"rendered":"Fito y los Fitipaldis visitar\u00e1n Ponferrada en su pr\u00f3xima gira musical"},"content":{"rendered":"<p>La exitosa banda de rock Fito y los Fitipaldis ha anunciado que incluir\u00e1 a la ciudad de Ponferrada en su esperada gira del pr\u00f3ximo a\u00f1o. Los seguidores de la m\u00fasica en la regi\u00f3n podr\u00e1n disfrutar de un concierto en vivo el 24 de abril de 2026, donde la banda presentar\u00e1 su nuevo \u00e1lbum titulado \u00abEl monte de los aullidos\u00bb.<\/p>\n<p>Con esta noticia, los fans de Fito Cabrales y su banda podr\u00e1n disfrutar de un espect\u00e1culo en directo lleno de energ\u00eda y buena m\u00fasica. Ponferrada se convierte as\u00ed en una parada imprescindible en la agenda de la gira de Fito y los Fitipaldis, prometiendo una noche inolvidable para todos los asistentes.<\/p>\n<p>Se espera que la venta de entradas para este concierto sea todo un \u00e9xito, ya que la banda cuenta con una gran legi\u00f3n de seguidores en toda Espa\u00f1a. Sin duda, la llegada de Fito y los Fitipaldis a Ponferrada ser\u00e1 uno de los eventos musicales m\u00e1s esperados del pr\u00f3ximo a\u00f1o. \u00a1Prep\u00e1rense para vibrar con el inconfundible sonido de una de las bandas m\u00e1s ic\u00f3nicas del rock nacional!<\/p>\n","protected":false},"excerpt":{"rendered":"<p>La exitosa banda de rock Fito y los Fitipaldis ha anunciado que incluir\u00e1 a la ciudad de Ponferrada en su esperada gira del pr\u00f3ximo a\u00f1o. Los seguidores de la m\u00fasica en la regi\u00f3n podr\u00e1n disfrutar de un concierto en vivo el 24 de abril de 2026, donde la banda presentar\u00e1 su nuevo \u00e1lbum titulado \u00abEl [&hellip;]<\/p>\n","protected":false},"author":1,"featured_media":6443,"comment_status":"open","ping_status":"closed","sticky":false,"template":"","format":"standard","meta":{"_monsterinsights_skip_tracking":false,"_monsterinsights_sitenote_active":false,"_monsterinsights_sitenote_note":"","_monsterinsights_sitenote_category":0,"site-container-style":"default","site-container-layout":"default","site-sidebar-layout":"default","disable-article-header":"default","disable-site-header":"default","disable-site-footer":"default","disable-content-area-spacing":"default","_jetpack_memberships_contains_paid_content":false,"footnotes":"","jetpack_publicize_message":"","jetpack_publicize_feature_enabled":true,"jetpack_social_post_already_shared":true,"jetpack_social_options":{"image_generator_settings":{"template":"highway","default_image_id":0,"font":"","enabled":false},"version":2}},"categories":[1],"tags":[],"class_list":["post-6442","post","type-post","status-publish","format-standard","has-post-thumbnail","hentry","category-uncategorized"],"jetpack_publicize_connections":[],"jetpack_featured_media_url":"https:\/\/987aldia.com\/web\/wp-content\/uploads\/2025\/04\/680b434a1dd06.jpg","jetpack_sharing_enabled":true,"_links":{"self":[{"href":"https:\/\/987aldia.com\/web\/wp-json\/wp\/v2\/posts\/6442","targetHints":{"allow":["GET"]}}],"collection":[{"href":"https:\/\/987aldia.com\/web\/wp-json\/wp\/v2\/posts"}],"about":[{"href":"https:\/\/987aldia.com\/web\/wp-json\/wp\/v2\/types\/post"}],"author":[{"embeddable":true,"href":"https:\/\/987aldia.com\/web\/wp-json\/wp\/v2\/users\/1"}],"replies":[{"embeddable":true,"href":"https:\/\/987aldia.com\/web\/wp-json\/wp\/v2\/comments?post=6442"}],"version-history":[{"count":0,"href":"https:\/\/987aldia.com\/web\/wp-json\/wp\/v2\/posts\/6442\/revisions"}],"wp:featuredmedia":[{"embeddable":true,"href":"https:\/\/987aldia.com\/web\/wp-json\/wp\/v2\/media\/6443"}],"wp:attachment":[{"href":"https:\/\/987aldia.com\/web\/wp-json\/wp\/v2\/media?parent=6442"}],"wp:term":[{"taxonomy":"category","embeddable":true,"href":"https:\/\/987aldia.com\/web\/wp-json\/wp\/v2\/categories?post=6442"},{"taxonomy":"post_tag","embeddable":true,"href":"https:\/\/987aldia.com\/web\/wp-json\/wp\/v2\/tags?post=6442"}],"curies":[{"name":"wp","href":"https:\/\/api.w.org\/{rel}","templated":true}]}}