{"id":6448,"date":"2025-04-25T16:06:04","date_gmt":"2025-04-25T14:06:04","guid":{"rendered":"https:\/\/987aldia.com\/web\/el-psoe-critica-el-balance-de-la-junta-del-plan-sanitario-del-bierzo-como-publirreportaje\/"},"modified":"2025-04-25T16:06:04","modified_gmt":"2025-04-25T14:06:04","slug":"el-psoe-critica-el-balance-de-la-junta-del-plan-sanitario-del-bierzo-como-publirreportaje","status":"publish","type":"post","link":"https:\/\/987aldia.com\/web\/el-psoe-critica-el-balance-de-la-junta-del-plan-sanitario-del-bierzo-como-publirreportaje\/","title":{"rendered":"El PSOE critica el balance de la Junta del Plan Sanitario del Bierzo como \u00abpublirreportaje\u00bb"},"content":{"rendered":"<p>En un nuevo cap\u00edtulo de confrontaci\u00f3n pol\u00edtica, el PSOE ha lanzado duras cr\u00edticas al balance presentado por la Junta sobre el Plan Sanitario del Bierzo, calific\u00e1ndolo de \u00abpublirreportaje\u00bb. El procurador socialista Javier Campos ha afirmado que, en la pr\u00e1ctica, \u00abnada ha cambiado\u00bb en este \u00e1mbito, poniendo en duda la efectividad de las medidas implementadas hasta el momento.<\/p>\n<p>Estas declaraciones evidencian la tensi\u00f3n existente entre el gobierno regional y la oposici\u00f3n en cuanto a la gesti\u00f3n de la sanidad en la zona del Bierzo, generando un clima de desconfianza y escepticismo respecto a las mejoras prometidas. Sin duda, este enfrentamiento pol\u00edtico no hace m\u00e1s que reflejar la complejidad y sensibilidad de la situaci\u00f3n sanitaria en una regi\u00f3n donde la atenci\u00f3n m\u00e9dica es un tema crucial para la poblaci\u00f3n.<\/p>\n","protected":false},"excerpt":{"rendered":"<p>En un nuevo cap\u00edtulo de confrontaci\u00f3n pol\u00edtica, el PSOE ha lanzado duras cr\u00edticas al balance presentado por la Junta sobre el Plan Sanitario del Bierzo, calific\u00e1ndolo de \u00abpublirreportaje\u00bb. El procurador socialista Javier Campos ha afirmado que, en la pr\u00e1ctica, \u00abnada ha cambiado\u00bb en este \u00e1mbito, poniendo en duda la efectividad de las medidas implementadas hasta [&hellip;]<\/p>\n","protected":false},"author":1,"featured_media":6449,"comment_status":"open","ping_status":"closed","sticky":false,"template":"","format":"standard","meta":{"_monsterinsights_skip_tracking":false,"_monsterinsights_sitenote_active":false,"_monsterinsights_sitenote_note":"","_monsterinsights_sitenote_category":0,"site-container-style":"default","site-container-layout":"default","site-sidebar-layout":"default","disable-article-header":"default","disable-site-header":"default","disable-site-footer":"default","disable-content-area-spacing":"default","_jetpack_memberships_contains_paid_content":false,"footnotes":"","jetpack_publicize_message":"","jetpack_publicize_feature_enabled":true,"jetpack_social_post_already_shared":true,"jetpack_social_options":{"image_generator_settings":{"template":"highway","default_image_id":0,"font":"","enabled":false},"version":2}},"categories":[1],"tags":[],"class_list":["post-6448","post","type-post","status-publish","format-standard","has-post-thumbnail","hentry","category-uncategorized"],"jetpack_publicize_connections":[],"jetpack_featured_media_url":"https:\/\/987aldia.com\/web\/wp-content\/uploads\/2025\/04\/680b96cc25591.jpg","jetpack_sharing_enabled":true,"_links":{"self":[{"href":"https:\/\/987aldia.com\/web\/wp-json\/wp\/v2\/posts\/6448","targetHints":{"allow":["GET"]}}],"collection":[{"href":"https:\/\/987aldia.com\/web\/wp-json\/wp\/v2\/posts"}],"about":[{"href":"https:\/\/987aldia.com\/web\/wp-json\/wp\/v2\/types\/post"}],"author":[{"embeddable":true,"href":"https:\/\/987aldia.com\/web\/wp-json\/wp\/v2\/users\/1"}],"replies":[{"embeddable":true,"href":"https:\/\/987aldia.com\/web\/wp-json\/wp\/v2\/comments?post=6448"}],"version-history":[{"count":0,"href":"https:\/\/987aldia.com\/web\/wp-json\/wp\/v2\/posts\/6448\/revisions"}],"wp:featuredmedia":[{"embeddable":true,"href":"https:\/\/987aldia.com\/web\/wp-json\/wp\/v2\/media\/6449"}],"wp:attachment":[{"href":"https:\/\/987aldia.com\/web\/wp-json\/wp\/v2\/media?parent=6448"}],"wp:term":[{"taxonomy":"category","embeddable":true,"href":"https:\/\/987aldia.com\/web\/wp-json\/wp\/v2\/categories?post=6448"},{"taxonomy":"post_tag","embeddable":true,"href":"https:\/\/987aldia.com\/web\/wp-json\/wp\/v2\/tags?post=6448"}],"curies":[{"name":"wp","href":"https:\/\/api.w.org\/{rel}","templated":true}]}}