{"id":6450,"date":"2025-04-25T18:05:37","date_gmt":"2025-04-25T16:05:37","guid":{"rendered":"https:\/\/987aldia.com\/web\/omar-rodriguez-renovara-su-liderazgo-en-la-ugt-del-bierzo-por-cuatro-anos-mas\/"},"modified":"2025-04-25T18:05:37","modified_gmt":"2025-04-25T16:05:37","slug":"omar-rodriguez-renovara-su-liderazgo-en-la-ugt-del-bierzo-por-cuatro-anos-mas","status":"publish","type":"post","link":"https:\/\/987aldia.com\/web\/omar-rodriguez-renovara-su-liderazgo-en-la-ugt-del-bierzo-por-cuatro-anos-mas\/","title":{"rendered":"Omar Rodr\u00edguez renovar\u00e1 su liderazgo en la UGT del Bierzo por cuatro a\u00f1os m\u00e1s"},"content":{"rendered":"<p>El l\u00edder sindical Omar Rodr\u00edguez ha sido reelegido para un nuevo mandato de cuatro a\u00f1os al frente de la Uni\u00f3n General de Trabajadores (UGT) en la comarca del Bierzo. En un discurso pronunciado tras su reelecci\u00f3n, Rodr\u00edguez destac\u00f3 la importancia de seguir luchando por los derechos de los trabajadores en la regi\u00f3n y reclam\u00f3 a las autoridades una mejora en las infraestructuras tanto a nivel local como regional.<\/p>\n<p>Rodr\u00edguez hizo hincapi\u00e9 en la necesidad de invertir en infraestructuras para impulsar el desarrollo econ\u00f3mico y social del Bierzo, solicitando al Gobierno central y a la Junta de Castilla y Le\u00f3n un mayor compromiso en este aspecto. El sindicalista subray\u00f3 que unas infraestructuras adecuadas son fundamentales para garantizar la creaci\u00f3n de empleo y mejorar la calidad de vida de los habitantes de la comarca.<\/p>\n<p>Adem\u00e1s, durante su discurso, Omar Rodr\u00edguez reafirm\u00f3 el compromiso de la UGT en la defensa de los derechos laborales y en la lucha contra la precariedad laboral. Se espera que durante los pr\u00f3ximos cuatro a\u00f1os, el sindicato bajo su liderazgo contin\u00fae trabajando activamente en la defensa de los trabajadores en el Bierzo.<\/p>\n","protected":false},"excerpt":{"rendered":"<p>El l\u00edder sindical Omar Rodr\u00edguez ha sido reelegido para un nuevo mandato de cuatro a\u00f1os al frente de la Uni\u00f3n General de Trabajadores (UGT) en la comarca del Bierzo. En un discurso pronunciado tras su reelecci\u00f3n, Rodr\u00edguez destac\u00f3 la importancia de seguir luchando por los derechos de los trabajadores en la regi\u00f3n y reclam\u00f3 a [&hellip;]<\/p>\n","protected":false},"author":1,"featured_media":6451,"comment_status":"open","ping_status":"closed","sticky":false,"template":"","format":"standard","meta":{"_monsterinsights_skip_tracking":false,"_monsterinsights_sitenote_active":false,"_monsterinsights_sitenote_note":"","_monsterinsights_sitenote_category":0,"site-container-style":"default","site-container-layout":"default","site-sidebar-layout":"default","disable-article-header":"default","disable-site-header":"default","disable-site-footer":"default","disable-content-area-spacing":"default","_jetpack_memberships_contains_paid_content":false,"footnotes":"","jetpack_publicize_message":"","jetpack_publicize_feature_enabled":true,"jetpack_social_post_already_shared":true,"jetpack_social_options":{"image_generator_settings":{"template":"highway","default_image_id":0,"font":"","enabled":false},"version":2}},"categories":[1],"tags":[],"class_list":["post-6450","post","type-post","status-publish","format-standard","has-post-thumbnail","hentry","category-uncategorized"],"jetpack_publicize_connections":[],"jetpack_featured_media_url":"https:\/\/987aldia.com\/web\/wp-content\/uploads\/2025\/04\/680bb2d10c305.jpg","jetpack_sharing_enabled":true,"_links":{"self":[{"href":"https:\/\/987aldia.com\/web\/wp-json\/wp\/v2\/posts\/6450","targetHints":{"allow":["GET"]}}],"collection":[{"href":"https:\/\/987aldia.com\/web\/wp-json\/wp\/v2\/posts"}],"about":[{"href":"https:\/\/987aldia.com\/web\/wp-json\/wp\/v2\/types\/post"}],"author":[{"embeddable":true,"href":"https:\/\/987aldia.com\/web\/wp-json\/wp\/v2\/users\/1"}],"replies":[{"embeddable":true,"href":"https:\/\/987aldia.com\/web\/wp-json\/wp\/v2\/comments?post=6450"}],"version-history":[{"count":0,"href":"https:\/\/987aldia.com\/web\/wp-json\/wp\/v2\/posts\/6450\/revisions"}],"wp:featuredmedia":[{"embeddable":true,"href":"https:\/\/987aldia.com\/web\/wp-json\/wp\/v2\/media\/6451"}],"wp:attachment":[{"href":"https:\/\/987aldia.com\/web\/wp-json\/wp\/v2\/media?parent=6450"}],"wp:term":[{"taxonomy":"category","embeddable":true,"href":"https:\/\/987aldia.com\/web\/wp-json\/wp\/v2\/categories?post=6450"},{"taxonomy":"post_tag","embeddable":true,"href":"https:\/\/987aldia.com\/web\/wp-json\/wp\/v2\/tags?post=6450"}],"curies":[{"name":"wp","href":"https:\/\/api.w.org\/{rel}","templated":true}]}}