{"id":655,"date":"2023-02-26T09:07:54","date_gmt":"2023-02-26T09:07:54","guid":{"rendered":"https:\/\/987aldia.com\/web\/?p=655"},"modified":"2023-02-28T09:19:47","modified_gmt":"2023-02-28T09:19:47","slug":"la-consejeria-de-agricultura-ganaderia-y-desarrollo-rural-anuncia-la-regulacion-de-las-ayudas-agroambientales-y-de-agricultura-ecologica-para-la-nueva-pac","status":"publish","type":"post","link":"https:\/\/987aldia.com\/web\/la-consejeria-de-agricultura-ganaderia-y-desarrollo-rural-anuncia-la-regulacion-de-las-ayudas-agroambientales-y-de-agricultura-ecologica-para-la-nueva-pac\/","title":{"rendered":"La Consejer\u00eda de Agricultura, Ganader\u00eda y Desarrollo Rural anuncia la regulaci\u00f3n de las ayudas agroambientales y de agricultura ecol\u00f3gica para la nueva PAC"},"content":{"rendered":"\n<p>La Consejer\u00eda de Agricultura, Ganader\u00eda y Desarrollo Rural publica ma\u00f1ana en el Bolet\u00edn Oficial de Castilla y Le\u00f3n (Bocyl) la regulaci\u00f3n de las ayudas agroambientales y de agricultura ecol\u00f3gica para la nueva PAC. Estas participaciones, ya a\u00f1adidas dentro del marco regulatorio del Plan Estrat\u00e9gico de la PAC 2023-2027, componen una muestra de la compatibilidad de determinadas pr\u00e1cticas agrarias y ganaderas con la conservaci\u00f3n del medio ambiente.<\/p>\n\n\n\n<p>Una vez aprobado el Plan Estrat\u00e9gico de la Pol\u00edtica Agraria Com\u00fan para Espa\u00f1a (PEPAC) por la Comisi\u00f3n Europea a finales de agosto, Castilla y Le\u00f3n ha sido la primera comunidad aut\u00f3noma en regular las ayudas agroambientales y a la agricultura ecol\u00f3gica, con la finalidad de poder ponerlas en marcha en el primer a\u00f1o del nuevo per\u00edodo de programaci\u00f3n, esto es, en 2023.<\/p>\n\n\n\n<p>Las medidas agroambientales se basan en suscribir, de manera voluntaria, compromisos relacionados con pr\u00e1cticas agrarias medioambientales sostenibles. En consecuencia, tras una convocatoria de solicitud de incorporaci\u00f3n, se formaliza un contrato plurianual de, al menos, cinco a\u00f1os de duraci\u00f3n, de forma que a lo largo de cada anualidad deber\u00e1n solicitar el pago por medio de la Solicitud \u00danica de ayudas PAC.<\/p>\n\n\n\n<p>El proyecto de orden que legalizar\u00e1 estas medidas, durante los cinco a\u00f1os del periodo 2023-2027, estar\u00e1 protegido con un importe de m\u00e1s de 210 millones de euros, destinados a retribuir todas estas pr\u00e1cticas positivas para el medio ambiente.<\/p>\n\n\n\n<p><strong>Medidas agroambientales de la Comunidad<\/strong><\/p>\n\n\n\n<p>Castilla y Le\u00f3n, considerando el enfoque estrat\u00e9gico del PEPAC, va a poner en marcha distintas medidas agroambientales orientados a cultivos sostenibles, a la gesti\u00f3n sostenible de pastos, a la protecci\u00f3n de la avifauna, a la apicultura favorecedora de la biodiversidad, a la conservaci\u00f3n de paisajes tradicionales y cultivos minoritarios, a la conservaci\u00f3n de recursos gen\u00e9ticos e incluso a la agricultura ecol\u00f3gica, as\u00ed como una medida novedosa para la sustituci\u00f3n de parte del abonado qu\u00edmico por abono org\u00e1nico.<\/p>\n\n\n\n<p>La mayor parte de ellas implican una continuidad del marco anterior, en atenci\u00f3n a la aceptaci\u00f3n y a la buena acogida y conclusi\u00f3n obtenido en la protecci\u00f3n del medio ambiente; y otras, resultan novedosas como la medida de cultivos minoritarios para atender las nuevas iniciativas que emergen de implantaci\u00f3n de cultivos arom\u00e1ticos, frutos de c\u00e1scara o encina trufera, o el impulso al empleo de abono org\u00e1nico en sustituci\u00f3n de la fertilizaci\u00f3n mineral.<\/p>\n\n\n\n<p>Tambi\u00e9n, existe una apuesta en firme por fortalecer y aumentar de manera significativa la superficie de agricultura ecol\u00f3gica; por ende, se ha dotado a esta medida de un importe de m\u00e1s de 70 millones de euros para el periodo 2023-2027 y se han incrementado las primas m\u00e1s de un 20% en comparaci\u00f3n al marco anterior.<\/p>\n\n\n\n<p><strong>Condiciones de las ayudas<\/strong><\/p>\n\n\n\n<p>El texto de la orden reguladora de estas medidas describe el procedimiento de incorporaci\u00f3n a estas ayudas, incluso, recoge las condiciones de admisibilidad, los requisitos y los compromisos que deben cumplir los titulares para poder recibir los importes correspondientes.<\/p>\n\n\n\n<p>Estas medidas agroambientales, en el nuevo periodo 2023-2027, precisan de compromisos m\u00e1s exigentes que las normas de la condicionalidad reforzada, las condiciones de los eco reg\u00edmenes y las normas obligatorias de fertilizaci\u00f3n y fitosanitarios, para as\u00ed poder percibir los importes que corresponde a cada medida agroambiental.<\/p>\n\n\n\n<p>Entre ellas, se localiza el caso de la medida agroambiental de aprovechamiento de superficies forrajeras y pastos por el ganado que, como se trata de una medida de pr\u00e1cticas de extensificaci\u00f3n de la ganader\u00eda, han sido muy pocas las comunidades aut\u00f3nomas que le han programado en el nuevo marco comunitario. De esta manera, se trata de una de las pocas medidas agroambientales que ha visto minorizada de manera dr\u00e1stica su programaci\u00f3n territorial en el conjunto de Espa\u00f1a en contraposici\u00f3n con el periodo anterior, debido fundamentalmente a la colisi\u00f3n con los compromisos del eco r\u00e9gimen de pastos.<\/p>\n\n\n\n<p>No obstante, Castilla y Le\u00f3n ha optado por a\u00f1adir esta medida en el PEPAC con una orientaci\u00f3n hacia pr\u00e1cticas m\u00e1s exigentes, lo cual implica que los ganaderos las pueden llevar a cabo en parcelas de su explotaci\u00f3n, sin que exista una utilizaci\u00f3n en com\u00fan con otros ganaderos. Esto no requiere a priori la exclusi\u00f3n de parcelas adjudicadas por juntas vecinales o ayuntamientos, ni de parcelas de titularidad p\u00fablica, ni semejantes; el requisito supone que la parcela debe ser gestionada y aprovechada por el titular del contrato agroambiental y su ganader\u00eda, para as\u00ed poder concretar los compromisos durante los cinco a\u00f1os de duraci\u00f3n del contrato.<\/p>\n\n\n\n<p>Despu\u00e9s de la publicaci\u00f3n de esta normativa de regulaci\u00f3n, el proceso tendr\u00e1 continuidad con la inminente convocatoria del procedimiento de incorporaci\u00f3n para todas aquellas intervenciones previstas.<\/p>\n","protected":false},"excerpt":{"rendered":"<p>La Consejer\u00eda de Agricultura, Ganader\u00eda y Desarrollo Rural publica ma\u00f1ana en el Bolet\u00edn Oficial de Castilla y Le\u00f3n (Bocyl) la regulaci\u00f3n de las ayudas agroambientales y de agricultura ecol\u00f3gica para la nueva PAC. Estas participaciones, ya a\u00f1adidas dentro del marco regulatorio del Plan Estrat\u00e9gico de la PAC 2023-2027, componen una muestra de la compatibilidad de [&hellip;]<\/p>\n","protected":false},"author":1,"featured_media":663,"comment_status":"open","ping_status":"closed","sticky":false,"template":"","format":"standard","meta":{"_monsterinsights_skip_tracking":false,"_monsterinsights_sitenote_active":false,"_monsterinsights_sitenote_note":"","_monsterinsights_sitenote_category":0,"site-container-style":"default","site-container-layout":"default","site-sidebar-layout":"default","disable-article-header":"default","disable-site-header":"default","disable-site-footer":"default","disable-content-area-spacing":"default","_jetpack_memberships_contains_paid_content":false,"footnotes":"","jetpack_publicize_message":"","jetpack_publicize_feature_enabled":true,"jetpack_social_post_already_shared":false,"jetpack_social_options":{"image_generator_settings":{"template":"highway","default_image_id":0,"font":"","enabled":false},"version":2}},"categories":[10],"tags":[],"class_list":["post-655","post","type-post","status-publish","format-standard","has-post-thumbnail","hentry","category-castilla-y-leon"],"jetpack_publicize_connections":[],"jetpack_featured_media_url":"https:\/\/987aldia.com\/web\/wp-content\/uploads\/2023\/02\/tim-mossholder-xDwEa2kaeJA-unsplash.jpg","jetpack_sharing_enabled":true,"_links":{"self":[{"href":"https:\/\/987aldia.com\/web\/wp-json\/wp\/v2\/posts\/655","targetHints":{"allow":["GET"]}}],"collection":[{"href":"https:\/\/987aldia.com\/web\/wp-json\/wp\/v2\/posts"}],"about":[{"href":"https:\/\/987aldia.com\/web\/wp-json\/wp\/v2\/types\/post"}],"author":[{"embeddable":true,"href":"https:\/\/987aldia.com\/web\/wp-json\/wp\/v2\/users\/1"}],"replies":[{"embeddable":true,"href":"https:\/\/987aldia.com\/web\/wp-json\/wp\/v2\/comments?post=655"}],"version-history":[{"count":8,"href":"https:\/\/987aldia.com\/web\/wp-json\/wp\/v2\/posts\/655\/revisions"}],"predecessor-version":[{"id":664,"href":"https:\/\/987aldia.com\/web\/wp-json\/wp\/v2\/posts\/655\/revisions\/664"}],"wp:featuredmedia":[{"embeddable":true,"href":"https:\/\/987aldia.com\/web\/wp-json\/wp\/v2\/media\/663"}],"wp:attachment":[{"href":"https:\/\/987aldia.com\/web\/wp-json\/wp\/v2\/media?parent=655"}],"wp:term":[{"taxonomy":"category","embeddable":true,"href":"https:\/\/987aldia.com\/web\/wp-json\/wp\/v2\/categories?post=655"},{"taxonomy":"post_tag","embeddable":true,"href":"https:\/\/987aldia.com\/web\/wp-json\/wp\/v2\/tags?post=655"}],"curies":[{"name":"wp","href":"https:\/\/api.w.org\/{rel}","templated":true}]}}