{"id":6722,"date":"2025-05-09T02:06:12","date_gmt":"2025-05-09T00:06:12","guid":{"rendered":"https:\/\/987aldia.com\/web\/ugt-urge-a-las-autoridades-a-presionar-a-endesa-para-compensar-al-bierzo-por-cierre-de-termica\/"},"modified":"2025-05-09T02:06:12","modified_gmt":"2025-05-09T00:06:12","slug":"ugt-urge-a-las-autoridades-a-presionar-a-endesa-para-compensar-al-bierzo-por-cierre-de-termica","status":"publish","type":"post","link":"https:\/\/987aldia.com\/web\/ugt-urge-a-las-autoridades-a-presionar-a-endesa-para-compensar-al-bierzo-por-cierre-de-termica\/","title":{"rendered":"UGT urge a las autoridades a presionar a Endesa para compensar al Bierzo por cierre de t\u00e9rmica."},"content":{"rendered":"<p>El sindicato UGT ha intensificado su demanda hacia el Gobierno central y la Junta de Castilla y Le\u00f3n, inst\u00e1ndolos a presionar a la empresa Endesa en busca de compensaciones para la comarca del Bierzo tras el cierre de la central t\u00e9rmica. En este sentido, han solicitado a los partidos pol\u00edticos PSOE y PP que establezcan un Pacto de Estado por la Industria, con el objetivo de garantizar apoyos y medidas que protejan el empleo y la econom\u00eda en zonas afectadas por este tipo de decisiones.<\/p>\n<p>UGT ha expresado su preocupaci\u00f3n por la falta de consideraci\u00f3n del carb\u00f3n como una reserva estrat\u00e9gica, lo que seg\u00fan el sindicato, podr\u00eda prevenir posibles apagones energ\u00e9ticos en el futuro. En este contexto, el sindicato ha hecho un llamado a la unidad de los partidos pol\u00edticos para abordar de manera conjunta y eficaz los retos que enfrenta el sector industrial en Espa\u00f1a, promoviendo as\u00ed un di\u00e1logo constructivo que permita encontrar soluciones a corto y largo plazo.<\/p>\n<p>La presi\u00f3n ejercida por UGT sobre las autoridades y la empresa Endesa refleja la preocupaci\u00f3n y la defensa de los intereses de los trabajadores y la comunidad del Bierzo, que se ven directamente afectados por el cierre de la t\u00e9rmica. En este sentido, el sindicato busca no solo compensaciones econ\u00f3micas, sino tambi\u00e9n garant\u00edas de futuro para una regi\u00f3n que ha sido golpeada por la p\u00e9rdida de empleo y el impacto en su tejido productivo.<\/p>\n","protected":false},"excerpt":{"rendered":"<p>El sindicato UGT ha intensificado su demanda hacia el Gobierno central y la Junta de Castilla y Le\u00f3n, inst\u00e1ndolos a presionar a la empresa Endesa en busca de compensaciones para la comarca del Bierzo tras el cierre de la central t\u00e9rmica. En este sentido, han solicitado a los partidos pol\u00edticos PSOE y PP que establezcan [&hellip;]<\/p>\n","protected":false},"author":1,"featured_media":6723,"comment_status":"open","ping_status":"closed","sticky":false,"template":"","format":"standard","meta":{"_monsterinsights_skip_tracking":false,"_monsterinsights_sitenote_active":false,"_monsterinsights_sitenote_note":"","_monsterinsights_sitenote_category":0,"site-container-style":"default","site-container-layout":"default","site-sidebar-layout":"default","disable-article-header":"default","disable-site-header":"default","disable-site-footer":"default","disable-content-area-spacing":"default","_jetpack_memberships_contains_paid_content":false,"footnotes":"","jetpack_publicize_message":"","jetpack_publicize_feature_enabled":true,"jetpack_social_post_already_shared":true,"jetpack_social_options":{"image_generator_settings":{"template":"highway","default_image_id":0,"font":"","enabled":false},"version":2}},"categories":[1],"tags":[],"class_list":["post-6722","post","type-post","status-publish","format-standard","has-post-thumbnail","hentry","category-uncategorized"],"jetpack_publicize_connections":[],"jetpack_featured_media_url":"https:\/\/987aldia.com\/web\/wp-content\/uploads\/2025\/05\/681d46f4da1a7.jpg","jetpack_sharing_enabled":true,"_links":{"self":[{"href":"https:\/\/987aldia.com\/web\/wp-json\/wp\/v2\/posts\/6722","targetHints":{"allow":["GET"]}}],"collection":[{"href":"https:\/\/987aldia.com\/web\/wp-json\/wp\/v2\/posts"}],"about":[{"href":"https:\/\/987aldia.com\/web\/wp-json\/wp\/v2\/types\/post"}],"author":[{"embeddable":true,"href":"https:\/\/987aldia.com\/web\/wp-json\/wp\/v2\/users\/1"}],"replies":[{"embeddable":true,"href":"https:\/\/987aldia.com\/web\/wp-json\/wp\/v2\/comments?post=6722"}],"version-history":[{"count":0,"href":"https:\/\/987aldia.com\/web\/wp-json\/wp\/v2\/posts\/6722\/revisions"}],"wp:featuredmedia":[{"embeddable":true,"href":"https:\/\/987aldia.com\/web\/wp-json\/wp\/v2\/media\/6723"}],"wp:attachment":[{"href":"https:\/\/987aldia.com\/web\/wp-json\/wp\/v2\/media?parent=6722"}],"wp:term":[{"taxonomy":"category","embeddable":true,"href":"https:\/\/987aldia.com\/web\/wp-json\/wp\/v2\/categories?post=6722"},{"taxonomy":"post_tag","embeddable":true,"href":"https:\/\/987aldia.com\/web\/wp-json\/wp\/v2\/tags?post=6722"}],"curies":[{"name":"wp","href":"https:\/\/api.w.org\/{rel}","templated":true}]}}