{"id":6724,"date":"2025-05-09T04:07:16","date_gmt":"2025-05-09T02:07:16","guid":{"rendered":"https:\/\/987aldia.com\/web\/cacabelos-disfruta-de-la-experiencia-sensorial-del-vino-del-bierzo\/"},"modified":"2025-05-09T04:07:16","modified_gmt":"2025-05-09T02:07:16","slug":"cacabelos-disfruta-de-la-experiencia-sensorial-del-vino-del-bierzo","status":"publish","type":"post","link":"https:\/\/987aldia.com\/web\/cacabelos-disfruta-de-la-experiencia-sensorial-del-vino-del-bierzo\/","title":{"rendered":"Cacabelos disfruta de la experiencia sensorial del vino del Bierzo."},"content":{"rendered":"<p>La localidad de Cacabelos se viste de fiesta y buen vino con la llegada de la Feria del Vino del Bierzo, un evento que celebra la tradici\u00f3n vin\u00edcola de la regi\u00f3n y rinde homenaje a sus viticultores m\u00e1s destacados. Este a\u00f1o, 22 bodegas pertenecientes a la Denominaci\u00f3n de Origen participan en la feria, ofreciendo a los asistentes la oportunidad de degustar y disfrutar de la excelencia de los caldos bercianos.<\/p>\n<p>El joven viticultor Oxel Potes y el experimentado Nemesio Fern\u00e1ndez, de Casar de Burbia, son dos de los protagonistas que recibir\u00e1n un merecido reconocimiento durante el evento. Ambos representan el compromiso y la pasi\u00f3n que los productores de la zona dedican a la elaboraci\u00f3n de vinos de calidad, que han logrado hacerse un hueco en el exigente mercado vin\u00edcola.<\/p>\n<p>Los visitantes de la Feria del Vino de Cacabelos no solo podr\u00e1n disfrutar de catas y maridajes, sino que tambi\u00e9n tendr\u00e1n la oportunidad de sumergirse en la cultura y la tradici\u00f3n vitivin\u00edcola del Bierzo, con actividades y actuaciones que celebran la riqueza de esta tierra tan ligada al mundo del vino.<\/p>\n<p>As\u00ed, Cacabelos se convierte en el epicentro de la enolog\u00eda berciana, donde se fusionan sabores, aromas y sensaciones en un ambiente festivo y acogedor que invita a descubrir y apreciar la esencia de esta tierra que sabe, huele y siente el vino del Bierzo como nadie.<\/p>\n","protected":false},"excerpt":{"rendered":"<p>La localidad de Cacabelos se viste de fiesta y buen vino con la llegada de la Feria del Vino del Bierzo, un evento que celebra la tradici\u00f3n vin\u00edcola de la regi\u00f3n y rinde homenaje a sus viticultores m\u00e1s destacados. Este a\u00f1o, 22 bodegas pertenecientes a la Denominaci\u00f3n de Origen participan en la feria, ofreciendo a [&hellip;]<\/p>\n","protected":false},"author":1,"featured_media":6725,"comment_status":"open","ping_status":"closed","sticky":false,"template":"","format":"standard","meta":{"_monsterinsights_skip_tracking":false,"_monsterinsights_sitenote_active":false,"_monsterinsights_sitenote_note":"","_monsterinsights_sitenote_category":0,"site-container-style":"default","site-container-layout":"default","site-sidebar-layout":"default","disable-article-header":"default","disable-site-header":"default","disable-site-footer":"default","disable-content-area-spacing":"default","_jetpack_memberships_contains_paid_content":false,"footnotes":"","jetpack_publicize_message":"","jetpack_publicize_feature_enabled":true,"jetpack_social_post_already_shared":true,"jetpack_social_options":{"image_generator_settings":{"template":"highway","default_image_id":0,"font":"","enabled":false},"version":2}},"categories":[1],"tags":[],"class_list":["post-6724","post","type-post","status-publish","format-standard","has-post-thumbnail","hentry","category-uncategorized"],"jetpack_publicize_connections":[],"jetpack_featured_media_url":"https:\/\/987aldia.com\/web\/wp-content\/uploads\/2025\/05\/681d63547ec75.jpg","jetpack_sharing_enabled":true,"_links":{"self":[{"href":"https:\/\/987aldia.com\/web\/wp-json\/wp\/v2\/posts\/6724","targetHints":{"allow":["GET"]}}],"collection":[{"href":"https:\/\/987aldia.com\/web\/wp-json\/wp\/v2\/posts"}],"about":[{"href":"https:\/\/987aldia.com\/web\/wp-json\/wp\/v2\/types\/post"}],"author":[{"embeddable":true,"href":"https:\/\/987aldia.com\/web\/wp-json\/wp\/v2\/users\/1"}],"replies":[{"embeddable":true,"href":"https:\/\/987aldia.com\/web\/wp-json\/wp\/v2\/comments?post=6724"}],"version-history":[{"count":0,"href":"https:\/\/987aldia.com\/web\/wp-json\/wp\/v2\/posts\/6724\/revisions"}],"wp:featuredmedia":[{"embeddable":true,"href":"https:\/\/987aldia.com\/web\/wp-json\/wp\/v2\/media\/6725"}],"wp:attachment":[{"href":"https:\/\/987aldia.com\/web\/wp-json\/wp\/v2\/media?parent=6724"}],"wp:term":[{"taxonomy":"category","embeddable":true,"href":"https:\/\/987aldia.com\/web\/wp-json\/wp\/v2\/categories?post=6724"},{"taxonomy":"post_tag","embeddable":true,"href":"https:\/\/987aldia.com\/web\/wp-json\/wp\/v2\/tags?post=6724"}],"curies":[{"name":"wp","href":"https:\/\/api.w.org\/{rel}","templated":true}]}}