{"id":6726,"date":"2025-05-09T06:05:46","date_gmt":"2025-05-09T04:05:46","guid":{"rendered":"https:\/\/987aldia.com\/web\/jorge-diaz-liderara-la-federacion-de-ugt-en-el-bierzo\/"},"modified":"2025-05-09T06:05:46","modified_gmt":"2025-05-09T04:05:46","slug":"jorge-diaz-liderara-la-federacion-de-ugt-en-el-bierzo","status":"publish","type":"post","link":"https:\/\/987aldia.com\/web\/jorge-diaz-liderara-la-federacion-de-ugt-en-el-bierzo\/","title":{"rendered":"Jorge D\u00edaz liderar\u00e1 la federaci\u00f3n de UGT en el Bierzo"},"content":{"rendered":"<p>En un cambio significativo en la federaci\u00f3n de Industria, Construcci\u00f3n y Agro de UGT en el Bierzo, Jorge D\u00edaz ha sido seleccionado para liderar el sindicato, relevando a Manuel Cuadrado, quien decide apartarse de la ejecutiva tras m\u00e1s de dos d\u00e9cadas en el cargo. Este movimiento consolida una nueva etapa en la representaci\u00f3n sindical de este sector en la regi\u00f3n, donde se esperan cambios y estrategias renovadas bajo el mando de D\u00edaz. La decisi\u00f3n ha generado expectativas y especulaciones entre los trabajadores y empresarios de la zona, quienes observan con atenci\u00f3n los pr\u00f3ximos pasos de esta figura reci\u00e9n nombrada en busca de un futuro m\u00e1s justo y equitativo para todos los implicados en el \u00e1mbito laboral.<\/p>\n","protected":false},"excerpt":{"rendered":"<p>En un cambio significativo en la federaci\u00f3n de Industria, Construcci\u00f3n y Agro de UGT en el Bierzo, Jorge D\u00edaz ha sido seleccionado para liderar el sindicato, relevando a Manuel Cuadrado, quien decide apartarse de la ejecutiva tras m\u00e1s de dos d\u00e9cadas en el cargo. Este movimiento consolida una nueva etapa en la representaci\u00f3n sindical de [&hellip;]<\/p>\n","protected":false},"author":1,"featured_media":6727,"comment_status":"open","ping_status":"closed","sticky":false,"template":"","format":"standard","meta":{"_monsterinsights_skip_tracking":false,"_monsterinsights_sitenote_active":false,"_monsterinsights_sitenote_note":"","_monsterinsights_sitenote_category":0,"site-container-style":"default","site-container-layout":"default","site-sidebar-layout":"default","disable-article-header":"default","disable-site-header":"default","disable-site-footer":"default","disable-content-area-spacing":"default","_jetpack_memberships_contains_paid_content":false,"footnotes":"","jetpack_publicize_message":"","jetpack_publicize_feature_enabled":true,"jetpack_social_post_already_shared":true,"jetpack_social_options":{"image_generator_settings":{"template":"highway","default_image_id":0,"font":"","enabled":false},"version":2}},"categories":[1],"tags":[],"class_list":["post-6726","post","type-post","status-publish","format-standard","has-post-thumbnail","hentry","category-uncategorized"],"jetpack_publicize_connections":[],"jetpack_featured_media_url":"https:\/\/987aldia.com\/web\/wp-content\/uploads\/2025\/05\/681d7f1a2e49c.jpg","jetpack_sharing_enabled":true,"_links":{"self":[{"href":"https:\/\/987aldia.com\/web\/wp-json\/wp\/v2\/posts\/6726","targetHints":{"allow":["GET"]}}],"collection":[{"href":"https:\/\/987aldia.com\/web\/wp-json\/wp\/v2\/posts"}],"about":[{"href":"https:\/\/987aldia.com\/web\/wp-json\/wp\/v2\/types\/post"}],"author":[{"embeddable":true,"href":"https:\/\/987aldia.com\/web\/wp-json\/wp\/v2\/users\/1"}],"replies":[{"embeddable":true,"href":"https:\/\/987aldia.com\/web\/wp-json\/wp\/v2\/comments?post=6726"}],"version-history":[{"count":0,"href":"https:\/\/987aldia.com\/web\/wp-json\/wp\/v2\/posts\/6726\/revisions"}],"wp:featuredmedia":[{"embeddable":true,"href":"https:\/\/987aldia.com\/web\/wp-json\/wp\/v2\/media\/6727"}],"wp:attachment":[{"href":"https:\/\/987aldia.com\/web\/wp-json\/wp\/v2\/media?parent=6726"}],"wp:term":[{"taxonomy":"category","embeddable":true,"href":"https:\/\/987aldia.com\/web\/wp-json\/wp\/v2\/categories?post=6726"},{"taxonomy":"post_tag","embeddable":true,"href":"https:\/\/987aldia.com\/web\/wp-json\/wp\/v2\/tags?post=6726"}],"curies":[{"name":"wp","href":"https:\/\/api.w.org\/{rel}","templated":true}]}}