{"id":6736,"date":"2025-05-09T16:07:12","date_gmt":"2025-05-09T14:07:12","guid":{"rendered":"https:\/\/987aldia.com\/web\/la-junta-propone-plan-para-empoderar-a-los-pacientes-de-salud-mental-y-eliminar-el-estigma-y-el-uso-de-medidas-coercitivas\/"},"modified":"2025-05-09T16:07:12","modified_gmt":"2025-05-09T14:07:12","slug":"la-junta-propone-plan-para-empoderar-a-los-pacientes-de-salud-mental-y-eliminar-el-estigma-y-el-uso-de-medidas-coercitivas","status":"publish","type":"post","link":"https:\/\/987aldia.com\/web\/la-junta-propone-plan-para-empoderar-a-los-pacientes-de-salud-mental-y-eliminar-el-estigma-y-el-uso-de-medidas-coercitivas\/","title":{"rendered":"\u00abLa Junta propone plan para empoderar a los pacientes de salud mental y eliminar el estigma y el uso de medidas coercitivas\u00bb"},"content":{"rendered":"<p>La Junta de Castilla y Le\u00f3n ha dado un paso importante en la atenci\u00f3n a la salud mental con la presentaci\u00f3n de un novedoso plan que busca empoderar a los pacientes y eliminar el estigma asociado a los trastornos psicol\u00f3gicos. El consejero de Sanidad ha presentado este protocolo de humanizaci\u00f3n en la regi\u00f3n del Bierzo, la cual se convierte en pionera en la implementaci\u00f3n de medidas tan innovadoras.<\/p>\n<p>Este plan contempla un total de 45 medidas destinadas a mejorar la calidad de vida de las personas que sufren problemas de salud mental, con 31 objetivos espec\u00edficos que buscan garantizar un trato m\u00e1s respetuoso y participativo por parte de los profesionales de la salud. Entre las medidas destacadas se encuentra la promoci\u00f3n de la autonom\u00eda de los pacientes en la toma de decisiones sobre su propio tratamiento, as\u00ed como la erradicaci\u00f3n de pr\u00e1cticas de coerci\u00f3n y medidas de fuerza en los centros de atenci\u00f3n psicol\u00f3gica.<\/p>\n<p>Con esta iniciativa, la Junta de Castilla y Le\u00f3n demuestra su compromiso con la promoci\u00f3n de la salud mental y su apuesta por un enfoque m\u00e1s humano y respetuoso en la atenci\u00f3n a las personas que sufren trastornos psicol\u00f3gicos. Se espera que este plan sirva de ejemplo para otras regiones y contribuya a la construcci\u00f3n de una sociedad m\u00e1s inclusiva y solidaria con quienes padecen enfermedades mentales.<\/p>\n","protected":false},"excerpt":{"rendered":"<p>La Junta de Castilla y Le\u00f3n ha dado un paso importante en la atenci\u00f3n a la salud mental con la presentaci\u00f3n de un novedoso plan que busca empoderar a los pacientes y eliminar el estigma asociado a los trastornos psicol\u00f3gicos. El consejero de Sanidad ha presentado este protocolo de humanizaci\u00f3n en la regi\u00f3n del Bierzo, [&hellip;]<\/p>\n","protected":false},"author":1,"featured_media":6737,"comment_status":"open","ping_status":"closed","sticky":false,"template":"","format":"standard","meta":{"_monsterinsights_skip_tracking":false,"_monsterinsights_sitenote_active":false,"_monsterinsights_sitenote_note":"","_monsterinsights_sitenote_category":0,"site-container-style":"default","site-container-layout":"default","site-sidebar-layout":"default","disable-article-header":"default","disable-site-header":"default","disable-site-footer":"default","disable-content-area-spacing":"default","_jetpack_memberships_contains_paid_content":false,"footnotes":"","jetpack_publicize_message":"","jetpack_publicize_feature_enabled":true,"jetpack_social_post_already_shared":true,"jetpack_social_options":{"image_generator_settings":{"template":"highway","default_image_id":0,"font":"","enabled":false},"version":2}},"categories":[1],"tags":[],"class_list":["post-6736","post","type-post","status-publish","format-standard","has-post-thumbnail","hentry","category-uncategorized"],"jetpack_publicize_connections":[],"jetpack_featured_media_url":"https:\/\/987aldia.com\/web\/wp-content\/uploads\/2025\/05\/681e0c10aa2d8.jpg","jetpack_sharing_enabled":true,"_links":{"self":[{"href":"https:\/\/987aldia.com\/web\/wp-json\/wp\/v2\/posts\/6736","targetHints":{"allow":["GET"]}}],"collection":[{"href":"https:\/\/987aldia.com\/web\/wp-json\/wp\/v2\/posts"}],"about":[{"href":"https:\/\/987aldia.com\/web\/wp-json\/wp\/v2\/types\/post"}],"author":[{"embeddable":true,"href":"https:\/\/987aldia.com\/web\/wp-json\/wp\/v2\/users\/1"}],"replies":[{"embeddable":true,"href":"https:\/\/987aldia.com\/web\/wp-json\/wp\/v2\/comments?post=6736"}],"version-history":[{"count":0,"href":"https:\/\/987aldia.com\/web\/wp-json\/wp\/v2\/posts\/6736\/revisions"}],"wp:featuredmedia":[{"embeddable":true,"href":"https:\/\/987aldia.com\/web\/wp-json\/wp\/v2\/media\/6737"}],"wp:attachment":[{"href":"https:\/\/987aldia.com\/web\/wp-json\/wp\/v2\/media?parent=6736"}],"wp:term":[{"taxonomy":"category","embeddable":true,"href":"https:\/\/987aldia.com\/web\/wp-json\/wp\/v2\/categories?post=6736"},{"taxonomy":"post_tag","embeddable":true,"href":"https:\/\/987aldia.com\/web\/wp-json\/wp\/v2\/tags?post=6736"}],"curies":[{"name":"wp","href":"https:\/\/api.w.org\/{rel}","templated":true}]}}