{"id":6738,"date":"2025-05-09T18:07:43","date_gmt":"2025-05-09T16:07:43","guid":{"rendered":"https:\/\/987aldia.com\/web\/el-psoe-impugna-la-venta-del-solar-del-antiguo-cuartel-de-ponferrada-ante-el-contencioso\/"},"modified":"2025-05-09T18:07:43","modified_gmt":"2025-05-09T16:07:43","slug":"el-psoe-impugna-la-venta-del-solar-del-antiguo-cuartel-de-ponferrada-ante-el-contencioso","status":"publish","type":"post","link":"https:\/\/987aldia.com\/web\/el-psoe-impugna-la-venta-del-solar-del-antiguo-cuartel-de-ponferrada-ante-el-contencioso\/","title":{"rendered":"El PSOE impugna la venta del solar del antiguo cuartel de Ponferrada ante el contencioso"},"content":{"rendered":"<p>En un nuevo cap\u00edtulo de la pol\u00e9mica pol\u00edtica en Ponferrada, el Partido Socialista Obrero Espa\u00f1ol (PSOE) ha decidido llevar al contencioso la venta del solar del viejo cuartel en la ciudad. Esta decisi\u00f3n ha generado un fuerte revuelo entre los diferentes actores pol\u00edticos locales, con acusaciones de opacidad y falta de transparencia por parte del equipo de gobierno.<\/p>\n<p>El solar del viejo cuartel de Ponferrada ha sido objeto de debate durante meses, con diferentes posturas sobre su futuro uso y destino. El PSOE ha manifestado su descontento con el proceso de venta del terreno, alegando irregularidades y falta de explicaciones por parte del ayuntamiento.<\/p>\n<p>Ante esta situaci\u00f3n, se espera que el contencioso administrativo arroje luz sobre las circunstancias de la venta del solar y permita aclarar si se han seguido los procedimientos legales correspondientes. Mientras tanto, la ciudadan\u00eda de Ponferrada sigue atenta a este nuevo cap\u00edtulo de la controversia pol\u00edtica local.<\/p>\n","protected":false},"excerpt":{"rendered":"<p>En un nuevo cap\u00edtulo de la pol\u00e9mica pol\u00edtica en Ponferrada, el Partido Socialista Obrero Espa\u00f1ol (PSOE) ha decidido llevar al contencioso la venta del solar del viejo cuartel en la ciudad. Esta decisi\u00f3n ha generado un fuerte revuelo entre los diferentes actores pol\u00edticos locales, con acusaciones de opacidad y falta de transparencia por parte del [&hellip;]<\/p>\n","protected":false},"author":1,"featured_media":6739,"comment_status":"open","ping_status":"closed","sticky":false,"template":"","format":"standard","meta":{"_monsterinsights_skip_tracking":false,"_monsterinsights_sitenote_active":false,"_monsterinsights_sitenote_note":"","_monsterinsights_sitenote_category":0,"site-container-style":"default","site-container-layout":"default","site-sidebar-layout":"default","disable-article-header":"default","disable-site-header":"default","disable-site-footer":"default","disable-content-area-spacing":"default","_jetpack_memberships_contains_paid_content":false,"footnotes":"","jetpack_publicize_message":"","jetpack_publicize_feature_enabled":true,"jetpack_social_post_already_shared":true,"jetpack_social_options":{"image_generator_settings":{"template":"highway","default_image_id":0,"font":"","enabled":false},"version":2}},"categories":[1],"tags":[],"class_list":["post-6738","post","type-post","status-publish","format-standard","has-post-thumbnail","hentry","category-uncategorized"],"jetpack_publicize_connections":[],"jetpack_featured_media_url":"https:\/\/987aldia.com\/web\/wp-content\/uploads\/2025\/05\/681e284f24a44.jpg","jetpack_sharing_enabled":true,"_links":{"self":[{"href":"https:\/\/987aldia.com\/web\/wp-json\/wp\/v2\/posts\/6738","targetHints":{"allow":["GET"]}}],"collection":[{"href":"https:\/\/987aldia.com\/web\/wp-json\/wp\/v2\/posts"}],"about":[{"href":"https:\/\/987aldia.com\/web\/wp-json\/wp\/v2\/types\/post"}],"author":[{"embeddable":true,"href":"https:\/\/987aldia.com\/web\/wp-json\/wp\/v2\/users\/1"}],"replies":[{"embeddable":true,"href":"https:\/\/987aldia.com\/web\/wp-json\/wp\/v2\/comments?post=6738"}],"version-history":[{"count":0,"href":"https:\/\/987aldia.com\/web\/wp-json\/wp\/v2\/posts\/6738\/revisions"}],"wp:featuredmedia":[{"embeddable":true,"href":"https:\/\/987aldia.com\/web\/wp-json\/wp\/v2\/media\/6739"}],"wp:attachment":[{"href":"https:\/\/987aldia.com\/web\/wp-json\/wp\/v2\/media?parent=6738"}],"wp:term":[{"taxonomy":"category","embeddable":true,"href":"https:\/\/987aldia.com\/web\/wp-json\/wp\/v2\/categories?post=6738"},{"taxonomy":"post_tag","embeddable":true,"href":"https:\/\/987aldia.com\/web\/wp-json\/wp\/v2\/tags?post=6738"}],"curies":[{"name":"wp","href":"https:\/\/api.w.org\/{rel}","templated":true}]}}