{"id":675,"date":"2023-02-27T13:02:32","date_gmt":"2023-02-27T13:02:32","guid":{"rendered":"https:\/\/987aldia.com\/web\/?p=675"},"modified":"2023-03-01T13:03:41","modified_gmt":"2023-03-01T13:03:41","slug":"la-junta-emplea-mas-de-12-millones-de-euros-para-la-creacion-de-una-unidad-de-convivencia-y-mejorar-su-accesibilidad","status":"publish","type":"post","link":"https:\/\/987aldia.com\/web\/la-junta-emplea-mas-de-12-millones-de-euros-para-la-creacion-de-una-unidad-de-convivencia-y-mejorar-su-accesibilidad\/","title":{"rendered":"La Junta emplea m\u00e1s de 1,2 millones de euros para la Creaci\u00f3n de una Unidad de Convivencia y mejorar su accesibilidad"},"content":{"rendered":"\n<h2 class=\"wp-block-heading\">Las obras efectuadas en el centro conceder\u00e1n a 15 residentes vivir en una unidad convivencial compuesta por cuatro dormitorios dobles y siete individuales, todos con ba\u00f1o propio y donde todos los espacios son accesibles<\/h2>\n\n\n\n<p>El logro contrastado del sistema de Servicios Sociales de Castilla y Le\u00f3n se justifica con la estrecha colaboraci\u00f3n con las entidades locales que cuentan con una acreditada experiencia y conocimientos en estas materias. Una colaboraci\u00f3n que es decisiva en el modelo de atenci\u00f3n centrado a la persona, que est\u00e1 posibilitando al Gobierno auton\u00f3mico llegar con calidad a todo el territorio y a todas las personas que lo necesitan.<\/p>\n\n\n\n<p>Esta colaboraci\u00f3n de igual manera es indispensable para el proceso de modernizaci\u00f3n de los Servicios Sociales y para la consolidaci\u00f3n del sistema de Atenci\u00f3n a la Dependencia 5.0, un ambicioso proyecto para abordar el envejecimiento, la prevenci\u00f3n de la dependencia y la atenci\u00f3n de calidad a las personas dependientes y con discapacidad que impulsa la Junta de Castilla y Le\u00f3n y del que forma parte el nuevo modelo de atenci\u00f3n residencial centrado en la persona, en el que la apuesta por la innovaci\u00f3n y la aplicaci\u00f3n de nuevas tecnolog\u00edas es esencial. <\/p>\n\n\n\n<p>As\u00ed lo anunciaba Isabel Blanco, consejera de Familia e Igualdad de Oportunidades, en el transcurso de la inauguraci\u00f3n de la nueva unidad de convivencia del centro residencial &#8216;La Fuencisla&#8217; que la Diputaci\u00f3n de Segovia tiene en la localidad de Palazuelos de Eresma. Este Centro de Servicios Sociales comprende en su recinto tres edificios independientes entre s\u00ed, dos de ellos destinados a residencias para mayores (una de las cuales compone una Unidad de Psicogeriatr\u00eda) y el tercero a Unidad de Rehabilitaci\u00f3n Psiqui\u00e1trica. Para la realizaci\u00f3n de las obras de remodelaci\u00f3n y adaptaci\u00f3n arquitect\u00f3nica y funcional, la Junta de Castilla y Le\u00f3n ha aportado 1.210.730 euros proveniente de los fondos europeos.<\/p>\n\n\n\n<p>Estas obras se basan, por un lado, en la creaci\u00f3n de una segunda unidad de convivencia, por importe de 861.000 euros, en la planta baja del edificio de la residencia que posibilitar\u00e1n a 15 residentes del centro vivir en una unidad convivencial formada por cuatro dormitorios dobles y siete individuales, todos con ba\u00f1o propio y donde todos los espacios son accesibles. <\/p>\n\n\n\n<p>La consejera ha destacado que estas obras son fruto de la colaboraci\u00f3n de la Junta de Castilla y Le\u00f3n y la Diputaci\u00f3n de Segovia, titular de este centro residencial, quienes comparten los mismos prop\u00f3sitos y a quienes ha agradecido su disposici\u00f3n para colaborar. <\/p>\n\n\n\n<p><strong>La colaboraci\u00f3n con las entidades locales, clave para la implantaci\u00f3n del nuevo modelo de atenci\u00f3n centrada en la persona.<\/strong><\/p>\n\n\n\n<p>La Consejer\u00eda de Familia e Igualdad de Oportunidades asigna a las entidades locales 30,14 millones de euros de casi 160 que tomar\u00e1 la Comunidad para Servicios Sociales procedentes de los fondos europeos para avanzar en la completa implementaci\u00f3n del modelo de Atenci\u00f3n a la Dependencia 5.0. Isabel Blanco ha rememorado que, para este prop\u00f3sito, en un principio, concern\u00eda el 15% de la cuant\u00eda y en Castilla y Le\u00f3n se ha decidido incrementar hasta el 20%.<\/p>\n\n\n\n<p>La atenci\u00f3n residencial dirigida en la persona se est\u00e1 estableciendo progresivamente en todas las residencias para personas mayores dependientes de la Gerencia de Servicios Sociales, de manera que todos los centros que se construyen o reforman incorporan los requisitos y exigencias de este nuevo modelo. La responsable del departamento de Familia ha expresado que, gracias a los cerca de 100 millones de euros que se recibir\u00e1n de distintos fondos de la Uni\u00f3n Europea, se va a poder impulsar de forma decisiva este cambio de modelo en todos los centros de la Junta con tres nuevas residencias completamente adaptadas a este nuevo modelo de atenci\u00f3n en Salamanca, \u00c1vila y Zamora. Adem\u00e1s, se realizar\u00e1n obras de mejora y de remodelaci\u00f3n para establecer unidades de convivencia en los centros de Burgos, Le\u00f3n, Palencia, Segovia, Soria y Valladolid y se ampliar\u00e1n plazas de convalecencia, as\u00ed como se ejecutar\u00e1 la reconversi\u00f3n de plazas p\u00fablicas residenciales de personas v\u00e1lidas en otras para dependientes. <\/p>\n\n\n\n<p>Tambi\u00e9n, este modelo de atenci\u00f3n se trasladar\u00e1 a todas las residencias de la Comunidad, por ende de la nueva Ley reguladora del Modelo Atenci\u00f3n Residencial para cuidados de larga duraci\u00f3n en Castilla y Le\u00f3n que se est\u00e1 tramitando, con el fin de que todas las personas mayores reciban una atenci\u00f3n y asistencia de calidad en las residencias y centros de d\u00eda de la Comunidad. Para ello, Isabel Blanco ha subrayado que, desde la Junta de Castilla y Le\u00f3n, se est\u00e1 haciendo un esfuerzo financiero muy importante para mejorar la prestaci\u00f3n asociada al servicio que es la que reciben las personas dependientes para pagar la residencia, como demuestra el hecho de que a principios de este a\u00f1o se ha aprobado una nueva subida de m\u00e1s del 10% en la prestaci\u00f3n vinculada, que se suma a las mejores del 10% en 2021 y del 6,2% de 2022.<\/p>\n","protected":false},"excerpt":{"rendered":"<p>Las obras efectuadas en el centro conceder\u00e1n a 15 residentes vivir en una unidad convivencial compuesta por cuatro dormitorios dobles y siete individuales, todos con ba\u00f1o propio y donde todos los espacios son accesibles El logro contrastado del sistema de Servicios Sociales de Castilla y Le\u00f3n se justifica con la estrecha colaboraci\u00f3n con las entidades [&hellip;]<\/p>\n","protected":false},"author":1,"featured_media":689,"comment_status":"open","ping_status":"closed","sticky":false,"template":"","format":"standard","meta":{"_monsterinsights_skip_tracking":false,"_monsterinsights_sitenote_active":false,"_monsterinsights_sitenote_note":"","_monsterinsights_sitenote_category":0,"site-container-style":"default","site-container-layout":"default","site-sidebar-layout":"default","disable-article-header":"default","disable-site-header":"default","disable-site-footer":"default","disable-content-area-spacing":"default","_jetpack_memberships_contains_paid_content":false,"footnotes":"","jetpack_publicize_message":"","jetpack_publicize_feature_enabled":true,"jetpack_social_post_already_shared":false,"jetpack_social_options":{"image_generator_settings":{"template":"highway","default_image_id":0,"font":"","enabled":false},"version":2}},"categories":[10],"tags":[],"class_list":["post-675","post","type-post","status-publish","format-standard","has-post-thumbnail","hentry","category-castilla-y-leon"],"jetpack_publicize_connections":[],"jetpack_featured_media_url":"https:\/\/987aldia.com\/web\/wp-content\/uploads\/2023\/03\/krakenimages-Y5bvRlcCx8k-unsplash.jpg","jetpack_sharing_enabled":true,"_links":{"self":[{"href":"https:\/\/987aldia.com\/web\/wp-json\/wp\/v2\/posts\/675","targetHints":{"allow":["GET"]}}],"collection":[{"href":"https:\/\/987aldia.com\/web\/wp-json\/wp\/v2\/posts"}],"about":[{"href":"https:\/\/987aldia.com\/web\/wp-json\/wp\/v2\/types\/post"}],"author":[{"embeddable":true,"href":"https:\/\/987aldia.com\/web\/wp-json\/wp\/v2\/users\/1"}],"replies":[{"embeddable":true,"href":"https:\/\/987aldia.com\/web\/wp-json\/wp\/v2\/comments?post=675"}],"version-history":[{"count":13,"href":"https:\/\/987aldia.com\/web\/wp-json\/wp\/v2\/posts\/675\/revisions"}],"predecessor-version":[{"id":688,"href":"https:\/\/987aldia.com\/web\/wp-json\/wp\/v2\/posts\/675\/revisions\/688"}],"wp:featuredmedia":[{"embeddable":true,"href":"https:\/\/987aldia.com\/web\/wp-json\/wp\/v2\/media\/689"}],"wp:attachment":[{"href":"https:\/\/987aldia.com\/web\/wp-json\/wp\/v2\/media?parent=675"}],"wp:term":[{"taxonomy":"category","embeddable":true,"href":"https:\/\/987aldia.com\/web\/wp-json\/wp\/v2\/categories?post=675"},{"taxonomy":"post_tag","embeddable":true,"href":"https:\/\/987aldia.com\/web\/wp-json\/wp\/v2\/tags?post=675"}],"curies":[{"name":"wp","href":"https:\/\/api.w.org\/{rel}","templated":true}]}}