{"id":6756,"date":"2025-05-10T12:06:22","date_gmt":"2025-05-10T10:06:22","guid":{"rendered":"https:\/\/987aldia.com\/web\/emocionante-inicio-de-la-vuelta-ciclista-femenina-de-espana-en-la-robla\/"},"modified":"2025-05-10T12:06:22","modified_gmt":"2025-05-10T10:06:22","slug":"emocionante-inicio-de-la-vuelta-ciclista-femenina-de-espana-en-la-robla","status":"publish","type":"post","link":"https:\/\/987aldia.com\/web\/emocionante-inicio-de-la-vuelta-ciclista-femenina-de-espana-en-la-robla\/","title":{"rendered":"\u00ab\u00a1Emocionante inicio de la Vuelta Ciclista Femenina de Espa\u00f1a en La Robla!\u00bb"},"content":{"rendered":"<p>Esta ma\u00f1ana, La Robla se visti\u00f3 de gala para dar inicio a la Vuelta Ciclista de Espa\u00f1a Femenina. El ambiente en las calles del municipio era de entusiasmo y emoci\u00f3n, con cientos de personas congregadas para presenciar la salida de las ciclistas. <\/p>\n<p>Familias, aficionados y curiosos se agolparon en las aceras para ver de cerca a las competidoras, quienes luc\u00edan sus mejores equipaciones y rostros concentrados en la partida. El colorido de los maillots y la energ\u00eda palpable en el ambiente crearon un escenario \u00fanico, que reflejaba el apoyo y la admiraci\u00f3n por estas deportistas de \u00e9lite.<\/p>\n<p>Con un sol radiante y un cielo despejado como tel\u00f3n de fondo, las ciclistas partieron en medio de aplausos y v\u00edtores, dispuestas a afrontar los desaf\u00edos y emociones que les depara esta exigente competici\u00f3n. La Vuelta Ciclista de Espa\u00f1a Femenina promete ser un espect\u00e1culo deportivo de alto nivel, con etapas emocionantes y emociones a flor de piel.<\/p>\n<p>La comunidad de La Robla se enorgullece de ser parte de esta importante cita deportiva, que no solo promueve el ciclismo femenino, sino que tambi\u00e9n pone en valor el esfuerzo, la dedicaci\u00f3n y la pasi\u00f3n de estas valientes atletas. La emoci\u00f3n de la salida de la Vuelta Ciclista de Espa\u00f1a Femenina en La Robla quedar\u00e1 grabada en la memoria de todos los presentes, en una jornada que promete ser inolvidable para el ciclismo espa\u00f1ol.<\/p>\n","protected":false},"excerpt":{"rendered":"<p>Esta ma\u00f1ana, La Robla se visti\u00f3 de gala para dar inicio a la Vuelta Ciclista de Espa\u00f1a Femenina. El ambiente en las calles del municipio era de entusiasmo y emoci\u00f3n, con cientos de personas congregadas para presenciar la salida de las ciclistas. Familias, aficionados y curiosos se agolparon en las aceras para ver de cerca [&hellip;]<\/p>\n","protected":false},"author":1,"featured_media":6757,"comment_status":"open","ping_status":"closed","sticky":false,"template":"","format":"standard","meta":{"_monsterinsights_skip_tracking":false,"_monsterinsights_sitenote_active":false,"_monsterinsights_sitenote_note":"","_monsterinsights_sitenote_category":0,"site-container-style":"default","site-container-layout":"default","site-sidebar-layout":"default","disable-article-header":"default","disable-site-header":"default","disable-site-footer":"default","disable-content-area-spacing":"default","_jetpack_memberships_contains_paid_content":false,"footnotes":"","jetpack_publicize_message":"","jetpack_publicize_feature_enabled":true,"jetpack_social_post_already_shared":true,"jetpack_social_options":{"image_generator_settings":{"template":"highway","default_image_id":0,"font":"","enabled":false},"version":2}},"categories":[1],"tags":[],"class_list":["post-6756","post","type-post","status-publish","format-standard","has-post-thumbnail","hentry","category-uncategorized"],"jetpack_publicize_connections":[],"jetpack_featured_media_url":"https:\/\/987aldia.com\/web\/wp-content\/uploads\/2025\/05\/681f251e78b97.jpg","jetpack_sharing_enabled":true,"_links":{"self":[{"href":"https:\/\/987aldia.com\/web\/wp-json\/wp\/v2\/posts\/6756","targetHints":{"allow":["GET"]}}],"collection":[{"href":"https:\/\/987aldia.com\/web\/wp-json\/wp\/v2\/posts"}],"about":[{"href":"https:\/\/987aldia.com\/web\/wp-json\/wp\/v2\/types\/post"}],"author":[{"embeddable":true,"href":"https:\/\/987aldia.com\/web\/wp-json\/wp\/v2\/users\/1"}],"replies":[{"embeddable":true,"href":"https:\/\/987aldia.com\/web\/wp-json\/wp\/v2\/comments?post=6756"}],"version-history":[{"count":0,"href":"https:\/\/987aldia.com\/web\/wp-json\/wp\/v2\/posts\/6756\/revisions"}],"wp:featuredmedia":[{"embeddable":true,"href":"https:\/\/987aldia.com\/web\/wp-json\/wp\/v2\/media\/6757"}],"wp:attachment":[{"href":"https:\/\/987aldia.com\/web\/wp-json\/wp\/v2\/media?parent=6756"}],"wp:term":[{"taxonomy":"category","embeddable":true,"href":"https:\/\/987aldia.com\/web\/wp-json\/wp\/v2\/categories?post=6756"},{"taxonomy":"post_tag","embeddable":true,"href":"https:\/\/987aldia.com\/web\/wp-json\/wp\/v2\/tags?post=6756"}],"curies":[{"name":"wp","href":"https:\/\/api.w.org\/{rel}","templated":true}]}}