{"id":698,"date":"2023-03-02T10:49:00","date_gmt":"2023-03-02T10:49:00","guid":{"rendered":"https:\/\/987aldia.com\/web\/?p=698"},"modified":"2023-03-02T10:49:00","modified_gmt":"2023-03-02T10:49:00","slug":"la-policia-local-de-leon-detiene-a-dos-jovenes-uno-de-ellos-menor-acusados-de-robo-con-fuerza","status":"publish","type":"post","link":"https:\/\/987aldia.com\/web\/la-policia-local-de-leon-detiene-a-dos-jovenes-uno-de-ellos-menor-acusados-de-robo-con-fuerza\/","title":{"rendered":"<strong>La Polic\u00eda Local de Le\u00f3n detiene a dos j\u00f3venes, uno de ellos menor, acusados de robo con fuerza<\/strong>"},"content":{"rendered":"\n<ul class=\"wp-block-list\">\n<li>Identificado y detenido un hombre con una orden de b\u00fasqueda decretada por el Juzgado de lo Penal 1 de Le\u00f3n<\/li>\n<\/ul>\n\n\n\n<p>La Polic\u00eda Local del Ayuntamiento de Le\u00f3n detuvo durante la jornada de ayer, mi\u00e9rcoles, a dos j\u00f3venes, uno de ellos menor, acusados de un delito de robo con fuerza. Los agentes recibieron el aviso de que dos personas hab\u00edan fracturado una ventana en una vivienda de la calle Pe\u00f1a Labra con la intenci\u00f3n de acceder a su interior.<\/p>\n\n\n\n<p>A la llegada de los agentes los dos j\u00f3venes emprendieron la huida pero fueron detenidos en las calles adyacentes. El menor se resisti\u00f3 a la detenci\u00f3n adem\u00e1s le fue intervenida una navaja autom\u00e1tica de 15 cm. de hoja.<\/p>\n\n\n\n<p>Por otro lado, en otra intervenci\u00f3n ocurrida de madrugada, la Polic\u00eda Local identific\u00f3 a un hombre en la calle Miguel \u00c1ngel que ten\u00eda una orden de b\u00fasqueda, detenci\u00f3n y personaci\u00f3n decretada por el Juzgado de lo Penal 1 de Le\u00f3n. Por esta raz\u00f3n, fue trasladado a dependencias de la Polic\u00eda Nacional. Adem\u00e1s, al detenido se le intervinieron una cartera de piel con documentaci\u00f3n y 35 euros en efectivo, as\u00ed como diversas herramientas y enseres que hab\u00edan sido sustra\u00eddos de coches aparcados en la calle y a los que hab\u00edan roto las ventanillas.<\/p>\n","protected":false},"excerpt":{"rendered":"<p>La Polic\u00eda Local del Ayuntamiento de Le\u00f3n detuvo durante la jornada de ayer, mi\u00e9rcoles, a dos j\u00f3venes, uno de ellos menor, acusados de un delito de robo con fuerza. Los agentes recibieron el aviso de que dos personas hab\u00edan fracturado una ventana en una vivienda de la calle Pe\u00f1a Labra con la intenci\u00f3n de acceder [&hellip;]<\/p>\n","protected":false},"author":1,"featured_media":699,"comment_status":"open","ping_status":"closed","sticky":false,"template":"","format":"standard","meta":{"_monsterinsights_skip_tracking":false,"_monsterinsights_sitenote_active":false,"_monsterinsights_sitenote_note":"","_monsterinsights_sitenote_category":0,"site-container-style":"default","site-container-layout":"default","site-sidebar-layout":"default","disable-article-header":"default","disable-site-header":"default","disable-site-footer":"default","disable-content-area-spacing":"default","_jetpack_memberships_contains_paid_content":false,"footnotes":"","jetpack_publicize_message":"","jetpack_publicize_feature_enabled":true,"jetpack_social_post_already_shared":false,"jetpack_social_options":{"image_generator_settings":{"template":"highway","default_image_id":0,"font":"","enabled":false},"version":2}},"categories":[7],"tags":[],"class_list":["post-698","post","type-post","status-publish","format-standard","has-post-thumbnail","hentry","category-notas-de-prensa"],"jetpack_publicize_connections":[],"jetpack_featured_media_url":"https:\/\/987aldia.com\/web\/wp-content\/uploads\/2023\/03\/pawel-czerwinski-Yjp0TshmIUI-unsplash.jpg","jetpack_sharing_enabled":true,"_links":{"self":[{"href":"https:\/\/987aldia.com\/web\/wp-json\/wp\/v2\/posts\/698","targetHints":{"allow":["GET"]}}],"collection":[{"href":"https:\/\/987aldia.com\/web\/wp-json\/wp\/v2\/posts"}],"about":[{"href":"https:\/\/987aldia.com\/web\/wp-json\/wp\/v2\/types\/post"}],"author":[{"embeddable":true,"href":"https:\/\/987aldia.com\/web\/wp-json\/wp\/v2\/users\/1"}],"replies":[{"embeddable":true,"href":"https:\/\/987aldia.com\/web\/wp-json\/wp\/v2\/comments?post=698"}],"version-history":[{"count":1,"href":"https:\/\/987aldia.com\/web\/wp-json\/wp\/v2\/posts\/698\/revisions"}],"predecessor-version":[{"id":700,"href":"https:\/\/987aldia.com\/web\/wp-json\/wp\/v2\/posts\/698\/revisions\/700"}],"wp:featuredmedia":[{"embeddable":true,"href":"https:\/\/987aldia.com\/web\/wp-json\/wp\/v2\/media\/699"}],"wp:attachment":[{"href":"https:\/\/987aldia.com\/web\/wp-json\/wp\/v2\/media?parent=698"}],"wp:term":[{"taxonomy":"category","embeddable":true,"href":"https:\/\/987aldia.com\/web\/wp-json\/wp\/v2\/categories?post=698"},{"taxonomy":"post_tag","embeddable":true,"href":"https:\/\/987aldia.com\/web\/wp-json\/wp\/v2\/tags?post=698"}],"curies":[{"name":"wp","href":"https:\/\/api.w.org\/{rel}","templated":true}]}}