{"id":760,"date":"2023-03-06T09:00:15","date_gmt":"2023-03-06T09:00:15","guid":{"rendered":"https:\/\/987aldia.com\/web\/?p=760"},"modified":"2023-03-07T09:19:36","modified_gmt":"2023-03-07T09:19:36","slug":"el-vicepresidente-de-la-junta-de-castilla-y-leon-se-compromete-a-mejorar-la-situacion-de-los-poligonos-industriales-y-posibilitar-la-instalacion-de-nuevas-empresas","status":"publish","type":"post","link":"https:\/\/987aldia.com\/web\/el-vicepresidente-de-la-junta-de-castilla-y-leon-se-compromete-a-mejorar-la-situacion-de-los-poligonos-industriales-y-posibilitar-la-instalacion-de-nuevas-empresas\/","title":{"rendered":"El vicepresidente de la Junta de Castilla y Le\u00f3n se compromete a \u00abmejorar la situaci\u00f3n de los pol\u00edgonos industriales\u00bb y posibilitar \u00abla instalaci\u00f3n de nuevas empresas\u00bb"},"content":{"rendered":"\n<h2 class=\"wp-block-heading\">Garc\u00eda-Gallardo, se ha reunido esta ma\u00f1ana con la Confederaci\u00f3n Espa\u00f1ola de \u00c1reas Empresariales (CEDAES) con el fin de impulsar nuevas medidas que fomenten la modernizaci\u00f3n y la promoci\u00f3n de las \u00e1reas industriales de Castilla y Le\u00f3n<\/h2>\n\n\n\n<p>Juan Garc\u00eda-Gallardo, vicepresidente de la Junta de Castilla y Le\u00f3n, junto con el consejero de Industria, Comercio y Empleo, Mariano Veganzones, se ha reunido esta ma\u00f1ana en la Confederaci\u00f3n Espa\u00f1ola de \u00c1reas Empresariales, CEDAES, con el prop\u00f3sito de impulsar nuevas medidas que fomenten la gesti\u00f3n, la modernizaci\u00f3n y la promoci\u00f3n de las \u00e1reas industriales de Castilla y Le\u00f3n.<\/p>\n\n\n\n<p>En el transcurso del encuentro se ha trabajado sobre la puesta en funcionamiento de la Federaci\u00f3n de Pol\u00edgonos Empresariales de Castilla y Le\u00f3n, FEPECYL, que &#8211; a pesar de que est\u00e1 constituida y durante a\u00f1os funcion\u00f3 &#8211; en estos momentos se encuentra sin actividad. El desarrollo de las \u00e1reas industriales de la comunidad o la tramitaci\u00f3n de la Ley Auton\u00f3mica de \u00c1reas Industriales han sido otras cuestiones que tanto el vicepresidente como el consejero han podido abordar.<\/p>\n\n\n\n<p>Garc\u00eda-Gallardo, ha valuado de manera muy positiva esta reuni\u00f3n, ha declarado que, a pesar de que Castilla y Le\u00f3n es una Comunidad eminentemente industrial, \u00abno podemos permitirnos el inmovilismo\u00bb. \u00abLa industria es sin\u00f3nimo de riqueza y necesita que las administraciones p\u00fablicas cooperen con las empresas para mejorar nuestros niveles de competitividad y bienestar econ\u00f3mico\u201d, ha afirmado.<\/p>\n\n\n\n<p>De esta manera, el vicepresidente ha garantizado que \u201clos pol\u00edgonos industriales merecen una modernizaci\u00f3n y puesta a punto\u201d, y ha asegurado que desde la Junta \u201cestamos trabajando con todos los agentes implicados para mejorar la situaci\u00f3n de los pol\u00edgonos industriales para seguir sentando las bases de un crecimiento econ\u00f3mico sostenido y de la industria del futuro pr\u00f3ximo\u201d.<\/p>\n\n\n\n<p>Para terminar, Garc\u00eda-Gallardo ha alegado que el sector de los pol\u00edgonos industriales de Castilla y Le\u00f3n \u201cnecesita de un marco normativo que favorezca este proceso de mejora y actualizaci\u00f3n de la gesti\u00f3n\u201d. Por ese motivo, tal y como ha repetido, \u201cestamos decididos a aplicar en Castilla y Le\u00f3n formas de organizaci\u00f3n de los pol\u00edgonos industriales que faciliten la instalaci\u00f3n de nuevas empresas y que mejoren la situaci\u00f3n de las que ya est\u00e1n aqu\u00ed instaladas\u201d.<\/p>\n\n\n\n<p>A la reuni\u00f3n han acudido Antonio Rodr\u00edguez Garc\u00eda, presidente de la Asociaci\u00f3n de Propietarios y Empresarios del Pol\u00edgono Industrial Cerro de San Crist\u00f3bal; Pablo Garc\u00eda-Vig\u00f3n Gonz\u00e1lez, presidente de \u00c1reas industriales de Asturias y Vicepresidente de CEDAES; Ignacio Gonz\u00e1lez Men\u00e9ndez, secretario General de \u00c1reas Empresariales de Asturias; Diego Rom\u00e1 Bohorques, gerente de CEDAES; y Manuel Ria\u00f1o Moro, secretario de la Asociaci\u00f3n de Propietarios y Empresarios del Pol\u00edgono Industrial Cerro de San Crist\u00f3bal.<\/p>\n","protected":false},"excerpt":{"rendered":"<p>Garc\u00eda-Gallardo, se ha reunido esta ma\u00f1ana con la Confederaci\u00f3n Espa\u00f1ola de \u00c1reas Empresariales (CEDAES) con el fin de impulsar nuevas medidas que fomenten la modernizaci\u00f3n y la promoci\u00f3n de las \u00e1reas industriales de Castilla y Le\u00f3n Juan Garc\u00eda-Gallardo, vicepresidente de la Junta de Castilla y Le\u00f3n, junto con el consejero de Industria, Comercio y Empleo, [&hellip;]<\/p>\n","protected":false},"author":1,"featured_media":763,"comment_status":"open","ping_status":"closed","sticky":false,"template":"","format":"standard","meta":{"_monsterinsights_skip_tracking":false,"_monsterinsights_sitenote_active":false,"_monsterinsights_sitenote_note":"","_monsterinsights_sitenote_category":0,"site-container-style":"default","site-container-layout":"default","site-sidebar-layout":"default","disable-article-header":"default","disable-site-header":"default","disable-site-footer":"default","disable-content-area-spacing":"default","_jetpack_memberships_contains_paid_content":false,"footnotes":"","jetpack_publicize_message":"","jetpack_publicize_feature_enabled":true,"jetpack_social_post_already_shared":false,"jetpack_social_options":{"image_generator_settings":{"template":"highway","default_image_id":0,"font":"","enabled":false},"version":2}},"categories":[10],"tags":[],"class_list":["post-760","post","type-post","status-publish","format-standard","has-post-thumbnail","hentry","category-castilla-y-leon"],"jetpack_publicize_connections":[],"jetpack_featured_media_url":"https:\/\/987aldia.com\/web\/wp-content\/uploads\/2023\/03\/parque-industrial-edificio-fabrica-almacen.jpg","jetpack_sharing_enabled":true,"_links":{"self":[{"href":"https:\/\/987aldia.com\/web\/wp-json\/wp\/v2\/posts\/760","targetHints":{"allow":["GET"]}}],"collection":[{"href":"https:\/\/987aldia.com\/web\/wp-json\/wp\/v2\/posts"}],"about":[{"href":"https:\/\/987aldia.com\/web\/wp-json\/wp\/v2\/types\/post"}],"author":[{"embeddable":true,"href":"https:\/\/987aldia.com\/web\/wp-json\/wp\/v2\/users\/1"}],"replies":[{"embeddable":true,"href":"https:\/\/987aldia.com\/web\/wp-json\/wp\/v2\/comments?post=760"}],"version-history":[{"count":3,"href":"https:\/\/987aldia.com\/web\/wp-json\/wp\/v2\/posts\/760\/revisions"}],"predecessor-version":[{"id":764,"href":"https:\/\/987aldia.com\/web\/wp-json\/wp\/v2\/posts\/760\/revisions\/764"}],"wp:featuredmedia":[{"embeddable":true,"href":"https:\/\/987aldia.com\/web\/wp-json\/wp\/v2\/media\/763"}],"wp:attachment":[{"href":"https:\/\/987aldia.com\/web\/wp-json\/wp\/v2\/media?parent=760"}],"wp:term":[{"taxonomy":"category","embeddable":true,"href":"https:\/\/987aldia.com\/web\/wp-json\/wp\/v2\/categories?post=760"},{"taxonomy":"post_tag","embeddable":true,"href":"https:\/\/987aldia.com\/web\/wp-json\/wp\/v2\/tags?post=760"}],"curies":[{"name":"wp","href":"https:\/\/api.w.org\/{rel}","templated":true}]}}