{"id":769,"date":"2023-03-05T08:07:22","date_gmt":"2023-03-05T08:07:22","guid":{"rendered":"https:\/\/987aldia.com\/web\/?p=769"},"modified":"2023-03-08T08:19:05","modified_gmt":"2023-03-08T08:19:05","slug":"la-junta-realza-su-apoyo-a-la-pesca-con-incentivos-sobre-licencias-la-educacion-ambiental-mediante-las-aulas-del-rio-y-la-depuracion-de-las-aguas-en-la-gala-de-los-premios-nacionales","status":"publish","type":"post","link":"https:\/\/987aldia.com\/web\/la-junta-realza-su-apoyo-a-la-pesca-con-incentivos-sobre-licencias-la-educacion-ambiental-mediante-las-aulas-del-rio-y-la-depuracion-de-las-aguas-en-la-gala-de-los-premios-nacionales\/","title":{"rendered":"La Junta realza su apoyo a la pesca con incentivos sobre Licencias, la Educaci\u00f3n Ambiental mediante las aulas del r\u00edo y la depuraci\u00f3n de las aguas en la Gala de los Premios Nacionales"},"content":{"rendered":"\n<h2 class=\"wp-block-heading\">Juan Carlos Su\u00e1rez-Qui\u00f1ones, consejero de Medio Ambiente, Vivienda y Ordenaci\u00f3n del Territorio, ha tomado en nombre de la Junta de Castilla y Le\u00f3n, dos nominaciones a la mejor gesti\u00f3n fluvial de Espa\u00f1a y al mejor evento deportivo de pesca durante la segunda gala Premios de Pesca 2022 &#8216;R\u00edo de la vida&#8217;, planificado por Bom Radio, certamen celebrado anoche en la localidad de Arroyo de la Encomienda (Valladolid), donde han participado nominados y aficionados a la pesca de todas las comunidades aut\u00f3nomas. En su participaci\u00f3n, el consejero subray\u00f3 la importancia que tienen para la Junta los pescadores y pescadoras que practican esta afici\u00f3n que mezcla deporte y naturaleza, siendo la primera comunidad aut\u00f3noma que desde 2013 cuenta con una ley sobre la pesca sin muerte, y que ha establecido incentivos a los aficionados tales como la gratuidad de las licencias de pesca, la posibilidad a partir de este a\u00f1o de conseguir licencias para cinco a\u00f1os, \u00abdando facilidades de los pescadores\u00bb, o la cruzada que ha emprendido la Junta para depurar las aguas residuales que llegan a los r\u00edos de los m\u00e1s de seis mil pueblos de la Comunidad.<\/h2>\n\n\n\n<p>La gala de entrega reuni\u00f3 a m\u00e1s de doscientas personas, con presencia de los pescadores de los pescadores referentes en el panorama nacional, medios de comunicaci\u00f3n, divulgadores y administraciones p\u00fablicas. Las nominaciones a la Junta de Castilla y Le\u00f3n han sido otorgadas por su decidida apuesta en materia de gesti\u00f3n de los r\u00edos y conservaci\u00f3n de las poblaciones acu\u00e1ticas, as\u00ed como por la organizaci\u00f3n y respaldo a la Semana Internacional de la Trucha de Le\u00f3n 2022, distinguiendo el papel y decisi\u00f3n de esta administraci\u00f3n auton\u00f3mica en la defensa de la pesca y en la protecci\u00f3n de los ecosistemas acu\u00e1ticos.<\/p>\n\n\n\n<p><strong>Castilla y Le\u00f3n, pionera en la pr\u00e1ctica del a pesca sin muerte<\/strong><\/p>\n\n\n\n<p>En su participaci\u00f3n en esta gala nacional, el consejero de Medio Ambiente, Vivienda y Ordenaci\u00f3n del Territorio recalc\u00f3 la importancia que tienen para la Junta los pescadores y pescadoras que practican esta afici\u00f3n que mezcla deporte y naturaleza, en una Comunidad que tienen 150.000 pescadores y 50.000 kil\u00f3metros de r\u00edos, recordando que la Ley de Pesca de Castilla y Le\u00f3n ha sido pionera a nivel nacional, porque ya en el a\u00f1o 2013 apost\u00f3 decididamente por declarar a la trucha com\u00fan como especie de inter\u00e9s preferente, abogando por el ejercicio de la modalidad de la pesca sin muerte como elemento clave para la defensa de este patrimonio gen\u00e9tico.<\/p>\n\n\n\n<p>El ejercicio de la modalidad de la pesca sin muerte ha procurado dar respuesta al cambio de tendencia que el colectivo de pescadores ven\u00eda solicitando, con la idea de que es el propio pescador el concienciado y practicante activo de las modalidades de captura y suelta para disfrutar de su afici\u00f3n.<\/p>\n\n\n\n<p><strong>Licencias de pesca gratuitas y depuraci\u00f3n de las aguas residuales<\/strong><\/p>\n\n\n\n<p>De igual forma, Su\u00e1rez-Qui\u00f1ones se\u00f1al\u00f3 en la gala, ante aficionados de renombre a nivel nacional, que la Junta de Castilla y Le\u00f3n ha dispuesto incentivos a los aficionados a la pesca, tales como la \u201cgratuidad de las licencias de pesca desde finales del pasado a\u00f1o\u201d, la posibilidad a partir de este a\u00f1o de conseguir licencias para cinco a\u00f1os, \u201cdando facilidades administrativas a los pescadores\u201d,<\/p>\n\n\n\n<p>Asimismo, el consejero destac\u00f3 la \u201ccruzada\u201d que ha emprendido la Junta de Castilla y Le\u00f3n para depurar las aguas residuales de los m\u00e1s de seis mil pueblos de la Comunidad \u201ca trav\u00e9s de la tramitaci\u00f3n, ejecuci\u00f3n y gesti\u00f3n de m\u00e1s de 1.200 depuradoras que evitar\u00e1n la contaminaci\u00f3n de nuestros r\u00edos\u201d.<\/p>\n","protected":false},"excerpt":{"rendered":"<p>Juan Carlos Su\u00e1rez-Qui\u00f1ones, consejero de Medio Ambiente, Vivienda y Ordenaci\u00f3n del Territorio, ha tomado en nombre de la Junta de Castilla y Le\u00f3n, dos nominaciones a la mejor gesti\u00f3n fluvial de Espa\u00f1a y al mejor evento deportivo de pesca durante la segunda gala Premios de Pesca 2022 &#8216;R\u00edo de la vida&#8217;, planificado por Bom Radio, [&hellip;]<\/p>\n","protected":false},"author":1,"featured_media":776,"comment_status":"open","ping_status":"closed","sticky":false,"template":"","format":"standard","meta":{"_monsterinsights_skip_tracking":false,"_monsterinsights_sitenote_active":false,"_monsterinsights_sitenote_note":"","_monsterinsights_sitenote_category":0,"site-container-style":"default","site-container-layout":"default","site-sidebar-layout":"default","disable-article-header":"default","disable-site-header":"default","disable-site-footer":"default","disable-content-area-spacing":"default","_jetpack_memberships_contains_paid_content":false,"footnotes":"","jetpack_publicize_message":"","jetpack_publicize_feature_enabled":true,"jetpack_social_post_already_shared":false,"jetpack_social_options":{"image_generator_settings":{"template":"highway","default_image_id":0,"font":"","enabled":false},"version":2}},"categories":[10],"tags":[],"class_list":["post-769","post","type-post","status-publish","format-standard","has-post-thumbnail","hentry","category-castilla-y-leon"],"jetpack_publicize_connections":[],"jetpack_featured_media_url":"https:\/\/987aldia.com\/web\/wp-content\/uploads\/2023\/03\/brady-rogers-ZGRB8TMT6zQ-unsplash.jpg","jetpack_sharing_enabled":true,"_links":{"self":[{"href":"https:\/\/987aldia.com\/web\/wp-json\/wp\/v2\/posts\/769","targetHints":{"allow":["GET"]}}],"collection":[{"href":"https:\/\/987aldia.com\/web\/wp-json\/wp\/v2\/posts"}],"about":[{"href":"https:\/\/987aldia.com\/web\/wp-json\/wp\/v2\/types\/post"}],"author":[{"embeddable":true,"href":"https:\/\/987aldia.com\/web\/wp-json\/wp\/v2\/users\/1"}],"replies":[{"embeddable":true,"href":"https:\/\/987aldia.com\/web\/wp-json\/wp\/v2\/comments?post=769"}],"version-history":[{"count":7,"href":"https:\/\/987aldia.com\/web\/wp-json\/wp\/v2\/posts\/769\/revisions"}],"predecessor-version":[{"id":777,"href":"https:\/\/987aldia.com\/web\/wp-json\/wp\/v2\/posts\/769\/revisions\/777"}],"wp:featuredmedia":[{"embeddable":true,"href":"https:\/\/987aldia.com\/web\/wp-json\/wp\/v2\/media\/776"}],"wp:attachment":[{"href":"https:\/\/987aldia.com\/web\/wp-json\/wp\/v2\/media?parent=769"}],"wp:term":[{"taxonomy":"category","embeddable":true,"href":"https:\/\/987aldia.com\/web\/wp-json\/wp\/v2\/categories?post=769"},{"taxonomy":"post_tag","embeddable":true,"href":"https:\/\/987aldia.com\/web\/wp-json\/wp\/v2\/tags?post=769"}],"curies":[{"name":"wp","href":"https:\/\/api.w.org\/{rel}","templated":true}]}}