{"id":7743,"date":"2025-06-27T10:06:51","date_gmt":"2025-06-27T08:06:51","guid":{"rendered":"https:\/\/987aldia.com\/web\/la-exposicion-conectados-al-futuro-la-transicion-energetica-llega-a-la-termica-cultural-de-redeia\/"},"modified":"2025-06-27T10:06:51","modified_gmt":"2025-06-27T08:06:51","slug":"la-exposicion-conectados-al-futuro-la-transicion-energetica-llega-a-la-termica-cultural-de-redeia","status":"publish","type":"post","link":"https:\/\/987aldia.com\/web\/la-exposicion-conectados-al-futuro-la-transicion-energetica-llega-a-la-termica-cultural-de-redeia\/","title":{"rendered":"La exposici\u00f3n \u00abConectados al futuro: La transici\u00f3n energ\u00e9tica\u00bb llega a La T\u00e9rmica Cultural de Redeia"},"content":{"rendered":"<p>La prestigiosa sala de exposiciones La T\u00e9rmica Cultural se convierte en el epicentro de la innovaci\u00f3n y la conciencia ambiental con la llegada de la muestra de Redeia \u00abConectados al futuro: La transici\u00f3n energ\u00e9tica\u00bb. Esta impactante exposici\u00f3n, que ha recorrido importantes ciudades de la geograf\u00eda espa\u00f1ola como Vitoria, Madrid, Valladolid, Granada, Tenerife y Gran Canaria, desembarca ahora en la ciudad de Ponferrada para concienciar y educar al p\u00fablico sobre la importancia de un cambio hacia fuentes de energ\u00eda m\u00e1s sostenibles.<\/p>\n<p>A trav\u00e9s de instalaciones interactivas, proyecciones audiovisuales y material did\u00e1ctico, los visitantes podr\u00e1n sumergirse en el fascinante mundo de la transici\u00f3n energ\u00e9tica y descubrir c\u00f3mo peque\u00f1as acciones individuales pueden tener un impacto significativo en la lucha contra el cambio clim\u00e1tico. La exposici\u00f3n de Redeia promete ser una experiencia enriquecedora y reveladora para todos aquellos preocupados por el futuro del planeta.<\/p>\n<p>Con un mensaje claro y directo, \u00abConectados al futuro: La transici\u00f3n energ\u00e9tica\u00bb busca no solo informar, sino tambi\u00e9n inspirar a la comunidad a tomar medidas concretas en favor de un mundo m\u00e1s sostenible y respetuoso con el medio ambiente. Una oportunidad \u00fanica para reflexionar sobre nuestro papel en la construcci\u00f3n de un futuro m\u00e1s verde y comprometido con las generaciones venideras.<\/p>\n","protected":false},"excerpt":{"rendered":"<p>La prestigiosa sala de exposiciones La T\u00e9rmica Cultural se convierte en el epicentro de la innovaci\u00f3n y la conciencia ambiental con la llegada de la muestra de Redeia \u00abConectados al futuro: La transici\u00f3n energ\u00e9tica\u00bb. Esta impactante exposici\u00f3n, que ha recorrido importantes ciudades de la geograf\u00eda espa\u00f1ola como Vitoria, Madrid, Valladolid, Granada, Tenerife y Gran Canaria, [&hellip;]<\/p>\n","protected":false},"author":1,"featured_media":7744,"comment_status":"open","ping_status":"closed","sticky":false,"template":"","format":"standard","meta":{"_monsterinsights_skip_tracking":false,"_monsterinsights_sitenote_active":false,"_monsterinsights_sitenote_note":"","_monsterinsights_sitenote_category":0,"site-container-style":"default","site-container-layout":"default","site-sidebar-layout":"default","disable-article-header":"default","disable-site-header":"default","disable-site-footer":"default","disable-content-area-spacing":"default","_jetpack_memberships_contains_paid_content":false,"footnotes":"","jetpack_publicize_message":"","jetpack_publicize_feature_enabled":true,"jetpack_social_post_already_shared":true,"jetpack_social_options":{"image_generator_settings":{"template":"highway","default_image_id":0,"font":"","enabled":false},"version":2}},"categories":[1],"tags":[],"class_list":["post-7743","post","type-post","status-publish","format-standard","has-post-thumbnail","hentry","category-uncategorized"],"jetpack_publicize_connections":[],"jetpack_featured_media_url":"https:\/\/987aldia.com\/web\/wp-content\/uploads\/2025\/06\/685e511bab8c2.jpg","jetpack_sharing_enabled":true,"_links":{"self":[{"href":"https:\/\/987aldia.com\/web\/wp-json\/wp\/v2\/posts\/7743","targetHints":{"allow":["GET"]}}],"collection":[{"href":"https:\/\/987aldia.com\/web\/wp-json\/wp\/v2\/posts"}],"about":[{"href":"https:\/\/987aldia.com\/web\/wp-json\/wp\/v2\/types\/post"}],"author":[{"embeddable":true,"href":"https:\/\/987aldia.com\/web\/wp-json\/wp\/v2\/users\/1"}],"replies":[{"embeddable":true,"href":"https:\/\/987aldia.com\/web\/wp-json\/wp\/v2\/comments?post=7743"}],"version-history":[{"count":0,"href":"https:\/\/987aldia.com\/web\/wp-json\/wp\/v2\/posts\/7743\/revisions"}],"wp:featuredmedia":[{"embeddable":true,"href":"https:\/\/987aldia.com\/web\/wp-json\/wp\/v2\/media\/7744"}],"wp:attachment":[{"href":"https:\/\/987aldia.com\/web\/wp-json\/wp\/v2\/media?parent=7743"}],"wp:term":[{"taxonomy":"category","embeddable":true,"href":"https:\/\/987aldia.com\/web\/wp-json\/wp\/v2\/categories?post=7743"},{"taxonomy":"post_tag","embeddable":true,"href":"https:\/\/987aldia.com\/web\/wp-json\/wp\/v2\/tags?post=7743"}],"curies":[{"name":"wp","href":"https:\/\/api.w.org\/{rel}","templated":true}]}}