{"id":778,"date":"2023-03-02T10:19:03","date_gmt":"2023-03-02T10:19:03","guid":{"rendered":"https:\/\/987aldia.com\/web\/?p=778"},"modified":"2023-03-08T10:20:53","modified_gmt":"2023-03-08T10:20:53","slug":"el-presidente-autonomico-esta-decidido-en-mostrar-su-apoyo-a-todas-las-empresas-que-quieran-instalarse-en-castilla-y-leon-para-generar-empleo","status":"publish","type":"post","link":"https:\/\/987aldia.com\/web\/el-presidente-autonomico-esta-decidido-en-mostrar-su-apoyo-a-todas-las-empresas-que-quieran-instalarse-en-castilla-y-leon-para-generar-empleo\/","title":{"rendered":"El Presidente auton\u00f3mico est\u00e1 decidido en mostrar su apoyo a todas las empresas que quieran instalarse en Castilla y Le\u00f3n para generar empleo"},"content":{"rendered":"\n<h2 class=\"wp-block-heading\">Ma\u00f1ueco, se ha reunido con el consejo asesor agropecuario del Grupo MAPFRE, donde ha informado de las nuevas medidas con la finalidad de que la Comunidad lidere en Espa\u00f1a el aumento de la cobertura de seguros agrarios.<\/h2>\n\n\n\n<p>En una audiencia con el consejo asesor agropecuario del Grupo MAPFRE, Alfonso Fern\u00e1ndez Ma\u00f1ueco, presidente de la Junta de Castilla y Le\u00f3n, ha aspirado reconocer en presencia de los principales representantes de las organizaciones agrarias auton\u00f3micas &#8211; empresas y cooperativas -, de esta manera la actividad aseguradora castellanoleonesa, el papel fundamental que desempe\u00f1a el mundo de las asegurados en el tejido econ\u00f3mico auton\u00f3mico.<\/p>\n\n\n\n<p>La clave del efectivo sistema espa\u00f1ol de seguros agrarios combinados, que es referente a nivel internacional, se consigue, tal y como ha se\u00f1alado el presidente, en la eficaz colaboraci\u00f3n de todos actores implicados: Administraciones, Opas, cooperativas, y entidades aseguradoras. Este es un sistema con el que el Estado espa\u00f1ol y las Comunidades Aut\u00f3nomas subvencionan, de media, a los agricultores y ganaderos en torno al 50% del coste del seguro, asegurando as\u00ed el cobro de las indemnizaciones en un plazo m\u00e1ximo de 30 d\u00edas desde el fin de la tasaci\u00f3n.<\/p>\n\n\n\n<p>Luego, dentro del sistema espa\u00f1ol, Ma\u00f1ueco ha destacado que Castilla y Le\u00f3n se\u00f1ala con luz propia, aportando, para avalar esta afirmaci\u00f3n, dos datos: el pasado a\u00f1o 2022, 77.000 p\u00f3lizas aseguraron 2,5 millones de hect\u00e1reas y 49 millones de cabezas de ganado en Castilla y Le\u00f3n, siendo esta Comunidad la que m\u00e1s prima aporta al sistema, 113 millones de euros, con un incremento del 15% desde 2018.<\/p>\n\n\n\n<p>El prop\u00f3sito, manifestado por el presidente, es que la Comunidad lidere en Espa\u00f1a el aumento de la cobertura de los seguros agrarios, dado que est\u00e1 demostrado que constituyen un instrumento \u00fatil y eficaz al servicio de los agricultores y ganaderos castellanoleoneses. <\/p>\n\n\n\n<p>Para esto, ha informado de mejores pol\u00edticas, tales como nuevas garant\u00edas para el regad\u00edo, un aumento del 10% de la subvenci\u00f3n a los ganaderos de vacuno en zonas de alta prevalencia, o beneficiar la constante adaptaci\u00f3n del seguro a las nuevas condiciones sanitarias y a las nuevas t\u00e9cnicas de cultivo, entre otras.<\/p>\n\n\n\n<p><strong>Defensa de las empresas frente a los ataques<\/strong><\/p>\n\n\n\n<p>Previamente a concluir su intervenci\u00f3n, el presidente, ha querido hacer una defensa a los empresarios de Castilla y Le\u00f3n y de Espa\u00f1a frente a los ataques desde las m\u00e1s altas instancias del Gobierno de la Naci\u00f3n.<\/p>\n\n\n\n<p>Ha declarado el apoyo de su Gobierno auton\u00f3mico a todas las empresas que quieren invertir, crecer o instalarse en Castilla y Le\u00f3n para crear empleo, as\u00ed como a los trabajadores. \u201cCastilla y Le\u00f3n es una tierra amiga de quien quiera invertir\u201d, conforme a apostillado el presidente.\u00a0<\/p>\n\n\n\n<p>Para estas empresas, el presidente auton\u00f3mico les ha ofrecido baja fiscalidad, ayudas directas con financiaci\u00f3n, suelo a bajo precio, apoyo a la innovaci\u00f3n y ayuda a la internacionalizaci\u00f3n.<\/p>\n\n\n\n<p>En este aspecto, Alfonso Fern\u00e1ndez Ma\u00f1ueco ha garantizado que desde la Junta se continua trabajando para generar nuevas oportunidades laborales, tal y como demuestran los datos conocidos hoy. Cifras que indican que Castilla y Le\u00f3n suma 22 meses seguidos de bajada del paro interanual y 23 meses seguidos de subidas de afiliados. El presidente Ma\u00f1ueco ha reiterado que seguir\u00e1 trabajando para que los que buscan un empleo lo consigan, dando para ello facilidades a las empresas que crean empleo en Castilla y Le\u00f3n.<\/p>\n\n\n\n<p><strong>Personalidades en el acto<\/strong><\/p>\n\n\n\n<p>En la reuni\u00f3n del  presidente Ma\u00f1ueco con el consejo asesor agropecuario de MAPFRE han asistido, entre otras las siguientes personalidades: Jos\u00e9 Manuel Inchausti P\u00e9rez, vicepresidente de MAPFRE y CEO Iberia, Atanasio Naranjo Hidalgo, presidente del Consejo Asesor Agropecuario de MAPFRE y presidente del Grupo Castelnovo Nature, Antonio Luque Luque, vicepresidente del Consejo Asesor Agropecuario y presidente de DCOOP, Pedro Mauricio Barato Triguero, presidente de ASAJA, Miguel Borr\u00e1s Cabac\u00e9s, gerente de S.A.T. CRISOLAR, Carmen Lence Ferreiro, CEO Grupo Leche R\u00edo, S.A., Isaac Muga Palac\u00edn, director t\u00e9cnico de Viticultura y Enolog\u00eda de Bodegas MUGA, S.L., Jes\u00fas Posadas Moyano, presidente de la Sociedad Cooperativa General Agropecuaria \u2013 ACOR, Carmina Samper Rivas, directora de Desarrollo Corporativo de Grupo Jorge, Eva V\u00e1zquez Blanco, consejera delegada de Aquanaria, S.L, Jos\u00e9 Vercher Company, presidente de Bollo International Fruits, Pedro Antonio Vicente Mart\u00edn, director de Desarrollo de Negocio SAC de MAPFRE Espa\u00f1a, Javier Oliveros P\u00e9rez, director general adjunto comercial de MAPFRE Iberia, Pedro Antonio Vigil-Escalera del Pozo, director general territorial Centro de MAPFRE Espa\u00f1a y Jos\u00e9 Luis Dom\u00ednguez Sanz, director general de ACOR.<\/p>\n","protected":false},"excerpt":{"rendered":"<p>Ma\u00f1ueco, se ha reunido con el consejo asesor agropecuario del Grupo MAPFRE, donde ha informado de las nuevas medidas con la finalidad de que la Comunidad lidere en Espa\u00f1a el aumento de la cobertura de seguros agrarios. En una audiencia con el consejo asesor agropecuario del Grupo MAPFRE, Alfonso Fern\u00e1ndez Ma\u00f1ueco, presidente de la Junta [&hellip;]<\/p>\n","protected":false},"author":1,"featured_media":788,"comment_status":"open","ping_status":"closed","sticky":false,"template":"","format":"standard","meta":{"_monsterinsights_skip_tracking":false,"_monsterinsights_sitenote_active":false,"_monsterinsights_sitenote_note":"","_monsterinsights_sitenote_category":0,"site-container-style":"default","site-container-layout":"default","site-sidebar-layout":"default","disable-article-header":"default","disable-site-header":"default","disable-site-footer":"default","disable-content-area-spacing":"default","_jetpack_memberships_contains_paid_content":false,"footnotes":"","jetpack_publicize_message":"","jetpack_publicize_feature_enabled":true,"jetpack_social_post_already_shared":false,"jetpack_social_options":{"image_generator_settings":{"template":"highway","default_image_id":0,"font":"","enabled":false},"version":2}},"categories":[10],"tags":[],"class_list":["post-778","post","type-post","status-publish","format-standard","has-post-thumbnail","hentry","category-castilla-y-leon"],"jetpack_publicize_connections":[],"jetpack_featured_media_url":"https:\/\/987aldia.com\/web\/wp-content\/uploads\/2023\/03\/scott-graham-OQMZwNd3ThU-unsplash.jpg","jetpack_sharing_enabled":true,"_links":{"self":[{"href":"https:\/\/987aldia.com\/web\/wp-json\/wp\/v2\/posts\/778","targetHints":{"allow":["GET"]}}],"collection":[{"href":"https:\/\/987aldia.com\/web\/wp-json\/wp\/v2\/posts"}],"about":[{"href":"https:\/\/987aldia.com\/web\/wp-json\/wp\/v2\/types\/post"}],"author":[{"embeddable":true,"href":"https:\/\/987aldia.com\/web\/wp-json\/wp\/v2\/users\/1"}],"replies":[{"embeddable":true,"href":"https:\/\/987aldia.com\/web\/wp-json\/wp\/v2\/comments?post=778"}],"version-history":[{"count":9,"href":"https:\/\/987aldia.com\/web\/wp-json\/wp\/v2\/posts\/778\/revisions"}],"predecessor-version":[{"id":787,"href":"https:\/\/987aldia.com\/web\/wp-json\/wp\/v2\/posts\/778\/revisions\/787"}],"wp:featuredmedia":[{"embeddable":true,"href":"https:\/\/987aldia.com\/web\/wp-json\/wp\/v2\/media\/788"}],"wp:attachment":[{"href":"https:\/\/987aldia.com\/web\/wp-json\/wp\/v2\/media?parent=778"}],"wp:term":[{"taxonomy":"category","embeddable":true,"href":"https:\/\/987aldia.com\/web\/wp-json\/wp\/v2\/categories?post=778"},{"taxonomy":"post_tag","embeddable":true,"href":"https:\/\/987aldia.com\/web\/wp-json\/wp\/v2\/tags?post=778"}],"curies":[{"name":"wp","href":"https:\/\/api.w.org\/{rel}","templated":true}]}}