{"id":7787,"date":"2025-06-29T16:06:03","date_gmt":"2025-06-29T14:06:03","guid":{"rendered":"https:\/\/987aldia.com\/web\/el-33-de-los-trabajadores-por-cuenta-propia-no-disfrutara-de-vacaciones-en-verano\/"},"modified":"2025-06-29T16:06:03","modified_gmt":"2025-06-29T14:06:03","slug":"el-33-de-los-trabajadores-por-cuenta-propia-no-disfrutara-de-vacaciones-en-verano","status":"publish","type":"post","link":"https:\/\/987aldia.com\/web\/el-33-de-los-trabajadores-por-cuenta-propia-no-disfrutara-de-vacaciones-en-verano\/","title":{"rendered":"\u00abEl 33% de los trabajadores por cuenta propia no disfrutar\u00e1 de vacaciones en verano\u00bb"},"content":{"rendered":"<p>Seg\u00fan un reciente estudio, la preocupante situaci\u00f3n laboral de los aut\u00f3nomos en Espa\u00f1a se ve reflejada en las cifras de vacaciones para este verano. Sorprendentemente, uno de cada tres trabajadores por cuenta propia no podr\u00e1 permitirse tomarse un merecido descanso durante la temporada estival. Ante esta realidad, muchos aut\u00f3nomos est\u00e1n mirando hacia el oto\u00f1o como la \u00e9poca ideal para poder desconectar y recargar energ\u00edas.<\/p>\n<p>A\u00fan m\u00e1s alarmante es la cifra que revela que el 25% de los aut\u00f3nomos ni siquiera se tomar\u00e1 un solo d\u00eda libre en todo el a\u00f1o 2025. Esta situaci\u00f3n pone de manifiesto la precariedad laboral y la falta de protecci\u00f3n social que enfrentan muchos trabajadores aut\u00f3nomos en nuestro pa\u00eds.<\/p>\n<p>Es fundamental que las autoridades tomen medidas urgentes para garantizar el bienestar de estos trabajadores, que desempe\u00f1an un papel crucial en la econom\u00eda nacional. La falta de vacaciones no solo afecta la salud f\u00edsica y mental de los aut\u00f3nomos, sino que tambi\u00e9n puede tener repercusiones negativas en su productividad y calidad de vida.<\/p>\n<p>Esperamos que esta situaci\u00f3n sirva como llamado de atenci\u00f3n para que se implementen pol\u00edticas que protejan los derechos laborales de los aut\u00f3nomos y les permitan disfrutar de un merecido descanso, fundamental para mantener un equilibrio entre el trabajo y la vida personal.<\/p>\n","protected":false},"excerpt":{"rendered":"<p>Seg\u00fan un reciente estudio, la preocupante situaci\u00f3n laboral de los aut\u00f3nomos en Espa\u00f1a se ve reflejada en las cifras de vacaciones para este verano. Sorprendentemente, uno de cada tres trabajadores por cuenta propia no podr\u00e1 permitirse tomarse un merecido descanso durante la temporada estival. Ante esta realidad, muchos aut\u00f3nomos est\u00e1n mirando hacia el oto\u00f1o como [&hellip;]<\/p>\n","protected":false},"author":1,"featured_media":7788,"comment_status":"open","ping_status":"closed","sticky":false,"template":"","format":"standard","meta":{"_monsterinsights_skip_tracking":false,"_monsterinsights_sitenote_active":false,"_monsterinsights_sitenote_note":"","_monsterinsights_sitenote_category":0,"site-container-style":"default","site-container-layout":"default","site-sidebar-layout":"default","disable-article-header":"default","disable-site-header":"default","disable-site-footer":"default","disable-content-area-spacing":"default","_jetpack_memberships_contains_paid_content":false,"footnotes":"","jetpack_publicize_message":"","jetpack_publicize_feature_enabled":true,"jetpack_social_post_already_shared":true,"jetpack_social_options":{"image_generator_settings":{"template":"highway","default_image_id":0,"font":"","enabled":false},"version":2}},"categories":[1],"tags":[],"class_list":["post-7787","post","type-post","status-publish","format-standard","has-post-thumbnail","hentry","category-uncategorized"],"jetpack_publicize_connections":[],"jetpack_featured_media_url":"https:\/\/987aldia.com\/web\/wp-content\/uploads\/2025\/06\/6861484b80229.jpg","jetpack_sharing_enabled":true,"_links":{"self":[{"href":"https:\/\/987aldia.com\/web\/wp-json\/wp\/v2\/posts\/7787","targetHints":{"allow":["GET"]}}],"collection":[{"href":"https:\/\/987aldia.com\/web\/wp-json\/wp\/v2\/posts"}],"about":[{"href":"https:\/\/987aldia.com\/web\/wp-json\/wp\/v2\/types\/post"}],"author":[{"embeddable":true,"href":"https:\/\/987aldia.com\/web\/wp-json\/wp\/v2\/users\/1"}],"replies":[{"embeddable":true,"href":"https:\/\/987aldia.com\/web\/wp-json\/wp\/v2\/comments?post=7787"}],"version-history":[{"count":0,"href":"https:\/\/987aldia.com\/web\/wp-json\/wp\/v2\/posts\/7787\/revisions"}],"wp:featuredmedia":[{"embeddable":true,"href":"https:\/\/987aldia.com\/web\/wp-json\/wp\/v2\/media\/7788"}],"wp:attachment":[{"href":"https:\/\/987aldia.com\/web\/wp-json\/wp\/v2\/media?parent=7787"}],"wp:term":[{"taxonomy":"category","embeddable":true,"href":"https:\/\/987aldia.com\/web\/wp-json\/wp\/v2\/categories?post=7787"},{"taxonomy":"post_tag","embeddable":true,"href":"https:\/\/987aldia.com\/web\/wp-json\/wp\/v2\/tags?post=7787"}],"curies":[{"name":"wp","href":"https:\/\/api.w.org\/{rel}","templated":true}]}}