{"id":7805,"date":"2025-06-30T18:06:11","date_gmt":"2025-06-30T16:06:11","guid":{"rendered":"https:\/\/987aldia.com\/web\/morala-extendera-el-presupuesto-de-2024-si-no-recibe-respaldo-en-la-comision-de-hacienda-para-el-proyecto-de-2025\/"},"modified":"2025-06-30T18:06:11","modified_gmt":"2025-06-30T16:06:11","slug":"morala-extendera-el-presupuesto-de-2024-si-no-recibe-respaldo-en-la-comision-de-hacienda-para-el-proyecto-de-2025","status":"publish","type":"post","link":"https:\/\/987aldia.com\/web\/morala-extendera-el-presupuesto-de-2024-si-no-recibe-respaldo-en-la-comision-de-hacienda-para-el-proyecto-de-2025\/","title":{"rendered":"Morala extender\u00e1 el presupuesto de 2024 si no recibe respaldo en la comisi\u00f3n de Hacienda para el proyecto de 2025"},"content":{"rendered":"<p>El alcalde de Morala, en una decisi\u00f3n sin precedentes, ha anunciado que prorrogar\u00e1 el presupuesto del a\u00f1o 2024 si no logra obtener el respaldo necesario para el borrador del presupuesto del a\u00f1o 2025 en la comisi\u00f3n de Hacienda. Ante la inminente reuni\u00f3n de la comisi\u00f3n programada para este martes, el mandatario local ha expresado su disposici\u00f3n a renunciar a llevar la aprobaci\u00f3n de las cuentas al Pleno municipal previsto para el viernes. Esta medida, que podr\u00eda significar un impasse en la gesti\u00f3n econ\u00f3mica del municipio, refleja la tensi\u00f3n y las dificultades para llegar a consensos en temas financieros en el \u00e1mbito local. Los ciudadanos de Morala aguardan con incertidumbre el desenlace de esta situaci\u00f3n, que marcar\u00e1 el rumbo de las pol\u00edticas econ\u00f3micas y de inversi\u00f3n en la localidad en los pr\u00f3ximos meses.<\/p>\n","protected":false},"excerpt":{"rendered":"<p>El alcalde de Morala, en una decisi\u00f3n sin precedentes, ha anunciado que prorrogar\u00e1 el presupuesto del a\u00f1o 2024 si no logra obtener el respaldo necesario para el borrador del presupuesto del a\u00f1o 2025 en la comisi\u00f3n de Hacienda. Ante la inminente reuni\u00f3n de la comisi\u00f3n programada para este martes, el mandatario local ha expresado su [&hellip;]<\/p>\n","protected":false},"author":1,"featured_media":7806,"comment_status":"open","ping_status":"closed","sticky":false,"template":"","format":"standard","meta":{"_monsterinsights_skip_tracking":false,"_monsterinsights_sitenote_active":false,"_monsterinsights_sitenote_note":"","_monsterinsights_sitenote_category":0,"site-container-style":"default","site-container-layout":"default","site-sidebar-layout":"default","disable-article-header":"default","disable-site-header":"default","disable-site-footer":"default","disable-content-area-spacing":"default","_jetpack_memberships_contains_paid_content":false,"footnotes":"","jetpack_publicize_message":"","jetpack_publicize_feature_enabled":true,"jetpack_social_post_already_shared":true,"jetpack_social_options":{"image_generator_settings":{"template":"highway","default_image_id":0,"font":"","enabled":false},"version":2}},"categories":[1],"tags":[],"class_list":["post-7805","post","type-post","status-publish","format-standard","has-post-thumbnail","hentry","category-uncategorized"],"jetpack_publicize_connections":[],"jetpack_featured_media_url":"https:\/\/987aldia.com\/web\/wp-content\/uploads\/2025\/06\/6862b5f395d0b.jpg","jetpack_sharing_enabled":true,"_links":{"self":[{"href":"https:\/\/987aldia.com\/web\/wp-json\/wp\/v2\/posts\/7805","targetHints":{"allow":["GET"]}}],"collection":[{"href":"https:\/\/987aldia.com\/web\/wp-json\/wp\/v2\/posts"}],"about":[{"href":"https:\/\/987aldia.com\/web\/wp-json\/wp\/v2\/types\/post"}],"author":[{"embeddable":true,"href":"https:\/\/987aldia.com\/web\/wp-json\/wp\/v2\/users\/1"}],"replies":[{"embeddable":true,"href":"https:\/\/987aldia.com\/web\/wp-json\/wp\/v2\/comments?post=7805"}],"version-history":[{"count":0,"href":"https:\/\/987aldia.com\/web\/wp-json\/wp\/v2\/posts\/7805\/revisions"}],"wp:featuredmedia":[{"embeddable":true,"href":"https:\/\/987aldia.com\/web\/wp-json\/wp\/v2\/media\/7806"}],"wp:attachment":[{"href":"https:\/\/987aldia.com\/web\/wp-json\/wp\/v2\/media?parent=7805"}],"wp:term":[{"taxonomy":"category","embeddable":true,"href":"https:\/\/987aldia.com\/web\/wp-json\/wp\/v2\/categories?post=7805"},{"taxonomy":"post_tag","embeddable":true,"href":"https:\/\/987aldia.com\/web\/wp-json\/wp\/v2\/tags?post=7805"}],"curies":[{"name":"wp","href":"https:\/\/api.w.org\/{rel}","templated":true}]}}