{"id":7807,"date":"2025-06-30T20:06:00","date_gmt":"2025-06-30T18:06:00","guid":{"rendered":"https:\/\/987aldia.com\/web\/teleperformance-finaliza-su-reestructuracion-con-la-salida-de-251-empleados-a-nivel-nacional\/"},"modified":"2025-06-30T20:06:00","modified_gmt":"2025-06-30T18:06:00","slug":"teleperformance-finaliza-su-reestructuracion-con-la-salida-de-251-empleados-a-nivel-nacional","status":"publish","type":"post","link":"https:\/\/987aldia.com\/web\/teleperformance-finaliza-su-reestructuracion-con-la-salida-de-251-empleados-a-nivel-nacional\/","title":{"rendered":"Teleperformance finaliza su reestructuraci\u00f3n con la salida de 251 empleados a nivel nacional"},"content":{"rendered":"<p>La multinacional de servicios de atenci\u00f3n al cliente, Teleperformance, ha finalizado su proceso de ajuste laboral con un total de 251 despidos a nivel nacional. Este anuncio ha generado controversia, especialmente entre los representantes de la Confederaci\u00f3n General del Trabajo (CGT), quienes se muestran en desacuerdo con el acuerdo alcanzado.<\/p>\n<p>Seg\u00fan informaci\u00f3n proporcionada por la CGT, la empresa ha decidido reducir el n\u00famero de despidos en la localidad de Ponferrada, aunque a\u00fan no se ha confirmado la cifra exacta. Los sindicatos y trabajadores afectados tendr\u00e1n que esperar hasta el viernes para conocer el total de empleados que ser\u00e1n afectados por esta medida.<\/p>\n<p>Este ajuste laboral en Teleperformance ha generado incertidumbre entre los trabajadores y ha puesto en entredicho las pol\u00edticas de la empresa en materia de empleo. Se espera que en los pr\u00f3ximos d\u00edas se aclare la situaci\u00f3n y se den a conocer m\u00e1s detalles al respecto.<\/p>\n","protected":false},"excerpt":{"rendered":"<p>La multinacional de servicios de atenci\u00f3n al cliente, Teleperformance, ha finalizado su proceso de ajuste laboral con un total de 251 despidos a nivel nacional. Este anuncio ha generado controversia, especialmente entre los representantes de la Confederaci\u00f3n General del Trabajo (CGT), quienes se muestran en desacuerdo con el acuerdo alcanzado. Seg\u00fan informaci\u00f3n proporcionada por la [&hellip;]<\/p>\n","protected":false},"author":1,"featured_media":7808,"comment_status":"open","ping_status":"closed","sticky":false,"template":"","format":"standard","meta":{"_monsterinsights_skip_tracking":false,"_monsterinsights_sitenote_active":false,"_monsterinsights_sitenote_note":"","_monsterinsights_sitenote_category":0,"site-container-style":"default","site-container-layout":"default","site-sidebar-layout":"default","disable-article-header":"default","disable-site-header":"default","disable-site-footer":"default","disable-content-area-spacing":"default","_jetpack_memberships_contains_paid_content":false,"footnotes":"","jetpack_publicize_message":"","jetpack_publicize_feature_enabled":true,"jetpack_social_post_already_shared":true,"jetpack_social_options":{"image_generator_settings":{"template":"highway","default_image_id":0,"font":"","enabled":false},"version":2}},"categories":[1],"tags":[],"class_list":["post-7807","post","type-post","status-publish","format-standard","has-post-thumbnail","hentry","category-uncategorized"],"jetpack_publicize_connections":[],"jetpack_featured_media_url":"https:\/\/987aldia.com\/web\/wp-content\/uploads\/2025\/06\/6862d208375b7.jpg","jetpack_sharing_enabled":true,"_links":{"self":[{"href":"https:\/\/987aldia.com\/web\/wp-json\/wp\/v2\/posts\/7807","targetHints":{"allow":["GET"]}}],"collection":[{"href":"https:\/\/987aldia.com\/web\/wp-json\/wp\/v2\/posts"}],"about":[{"href":"https:\/\/987aldia.com\/web\/wp-json\/wp\/v2\/types\/post"}],"author":[{"embeddable":true,"href":"https:\/\/987aldia.com\/web\/wp-json\/wp\/v2\/users\/1"}],"replies":[{"embeddable":true,"href":"https:\/\/987aldia.com\/web\/wp-json\/wp\/v2\/comments?post=7807"}],"version-history":[{"count":0,"href":"https:\/\/987aldia.com\/web\/wp-json\/wp\/v2\/posts\/7807\/revisions"}],"wp:featuredmedia":[{"embeddable":true,"href":"https:\/\/987aldia.com\/web\/wp-json\/wp\/v2\/media\/7808"}],"wp:attachment":[{"href":"https:\/\/987aldia.com\/web\/wp-json\/wp\/v2\/media?parent=7807"}],"wp:term":[{"taxonomy":"category","embeddable":true,"href":"https:\/\/987aldia.com\/web\/wp-json\/wp\/v2\/categories?post=7807"},{"taxonomy":"post_tag","embeddable":true,"href":"https:\/\/987aldia.com\/web\/wp-json\/wp\/v2\/tags?post=7807"}],"curies":[{"name":"wp","href":"https:\/\/api.w.org\/{rel}","templated":true}]}}