{"id":7809,"date":"2025-06-30T22:07:07","date_gmt":"2025-06-30T20:07:07","guid":{"rendered":"https:\/\/987aldia.com\/web\/el-verano-en-ponferrada-se-llena-de-musica-con-abraham-cupeiro-marco-mezquida-y-chicuelo\/"},"modified":"2025-06-30T22:07:07","modified_gmt":"2025-06-30T20:07:07","slug":"el-verano-en-ponferrada-se-llena-de-musica-con-abraham-cupeiro-marco-mezquida-y-chicuelo","status":"publish","type":"post","link":"https:\/\/987aldia.com\/web\/el-verano-en-ponferrada-se-llena-de-musica-con-abraham-cupeiro-marco-mezquida-y-chicuelo\/","title":{"rendered":"\u00abEl verano en Ponferrada se llena de m\u00fasica con Abraham Cupeiro, Marco Mezquida y Chicuelo\u00bb"},"content":{"rendered":"<p>El verano en Ponferrada se viste de m\u00fasica con la llegada de tres destacados festivales que prometen deleitar los o\u00eddos de los asistentes. Bajo el cielo estrellado del Castillo Viejo y en las acogedoras instalaciones del Teatro Bergidum, los sonidos de Abraham Cupeiro, Marco Mezquida y Chicuelo resonar\u00e1n en la ciudad.<\/p>\n<p>Caminos de M\u00fasica, Corteza de Encina y Kil\u00f3metro 251 Ponferrada es Jazz son los eventos que llenar\u00e1n de ritmo y armon\u00eda las calles de la localidad, atrayendo a amantes de la buena m\u00fasica de todas partes. Los artistas prometen brindar actuaciones memorables que transportar\u00e1n a los espectadores a un universo de sensaciones y emociones a trav\u00e9s de sus melod\u00edas.<\/p>\n<p>Con esta variada oferta musical, Ponferrada se consolida como un destino imprescindible para los aficionados a la m\u00fasica en vivo, ofreciendo la oportunidad de disfrutar de conciertos de calidad en entornos \u00fanicos y llenos de encanto. \u00a1Que la m\u00fasica no pare en esta ciudad que late al ritmo de la creatividad y el talento de sus artistas!<\/p>\n","protected":false},"excerpt":{"rendered":"<p>El verano en Ponferrada se viste de m\u00fasica con la llegada de tres destacados festivales que prometen deleitar los o\u00eddos de los asistentes. Bajo el cielo estrellado del Castillo Viejo y en las acogedoras instalaciones del Teatro Bergidum, los sonidos de Abraham Cupeiro, Marco Mezquida y Chicuelo resonar\u00e1n en la ciudad. Caminos de M\u00fasica, Corteza [&hellip;]<\/p>\n","protected":false},"author":1,"featured_media":7810,"comment_status":"open","ping_status":"closed","sticky":false,"template":"","format":"standard","meta":{"_monsterinsights_skip_tracking":false,"_monsterinsights_sitenote_active":false,"_monsterinsights_sitenote_note":"","_monsterinsights_sitenote_category":0,"site-container-style":"default","site-container-layout":"default","site-sidebar-layout":"default","disable-article-header":"default","disable-site-header":"default","disable-site-footer":"default","disable-content-area-spacing":"default","_jetpack_memberships_contains_paid_content":false,"footnotes":"","jetpack_publicize_message":"","jetpack_publicize_feature_enabled":true,"jetpack_social_post_already_shared":true,"jetpack_social_options":{"image_generator_settings":{"template":"highway","default_image_id":0,"font":"","enabled":false},"version":2}},"categories":[1],"tags":[],"class_list":["post-7809","post","type-post","status-publish","format-standard","has-post-thumbnail","hentry","category-uncategorized"],"jetpack_publicize_connections":[],"jetpack_featured_media_url":"https:\/\/987aldia.com\/web\/wp-content\/uploads\/2025\/06\/6862ee6b16a99.jpg","jetpack_sharing_enabled":true,"_links":{"self":[{"href":"https:\/\/987aldia.com\/web\/wp-json\/wp\/v2\/posts\/7809","targetHints":{"allow":["GET"]}}],"collection":[{"href":"https:\/\/987aldia.com\/web\/wp-json\/wp\/v2\/posts"}],"about":[{"href":"https:\/\/987aldia.com\/web\/wp-json\/wp\/v2\/types\/post"}],"author":[{"embeddable":true,"href":"https:\/\/987aldia.com\/web\/wp-json\/wp\/v2\/users\/1"}],"replies":[{"embeddable":true,"href":"https:\/\/987aldia.com\/web\/wp-json\/wp\/v2\/comments?post=7809"}],"version-history":[{"count":0,"href":"https:\/\/987aldia.com\/web\/wp-json\/wp\/v2\/posts\/7809\/revisions"}],"wp:featuredmedia":[{"embeddable":true,"href":"https:\/\/987aldia.com\/web\/wp-json\/wp\/v2\/media\/7810"}],"wp:attachment":[{"href":"https:\/\/987aldia.com\/web\/wp-json\/wp\/v2\/media?parent=7809"}],"wp:term":[{"taxonomy":"category","embeddable":true,"href":"https:\/\/987aldia.com\/web\/wp-json\/wp\/v2\/categories?post=7809"},{"taxonomy":"post_tag","embeddable":true,"href":"https:\/\/987aldia.com\/web\/wp-json\/wp\/v2\/tags?post=7809"}],"curies":[{"name":"wp","href":"https:\/\/api.w.org\/{rel}","templated":true}]}}