{"id":7815,"date":"2025-07-01T04:06:49","date_gmt":"2025-07-01T02:06:49","guid":{"rendered":"https:\/\/987aldia.com\/web\/cantante-metrika-es-victima-de-ataques-homofobos-en-concierto-de-las-fiestas-de-burgos\/"},"modified":"2025-07-01T04:06:49","modified_gmt":"2025-07-01T02:06:49","slug":"cantante-metrika-es-victima-de-ataques-homofobos-en-concierto-de-las-fiestas-de-burgos","status":"publish","type":"post","link":"https:\/\/987aldia.com\/web\/cantante-metrika-es-victima-de-ataques-homofobos-en-concierto-de-las-fiestas-de-burgos\/","title":{"rendered":"Cantante M\u00e9trika es v\u00edctima de ataques hom\u00f3fobos en concierto de las fiestas de Burgos"},"content":{"rendered":"<p>La reconocida cantante M\u00e9trika vivi\u00f3 una noche de terror durante su presentaci\u00f3n en las fiestas de Burgos, donde fue v\u00edctima de agresiones hom\u00f3fobas por parte de algunos asistentes al concierto. A trav\u00e9s de sus redes sociales, la artista denunci\u00f3 el lamentable episodio de discriminaci\u00f3n que sufri\u00f3 en pleno escenario, mostrando su consternaci\u00f3n y repudio hacia este tipo de actitudes violentas.<\/p>\n<p>La intolerancia y el odio hacia la diversidad sexual se hicieron presentes en un evento que deber\u00eda ser un espacio de celebraci\u00f3n y alegr\u00eda para todos. M\u00e9trika, valiente y firme en su postura, no dud\u00f3 en compartir su experiencia para generar conciencia sobre la importancia de respetar la diversidad y luchar contra la discriminaci\u00f3n en todas sus formas.<\/p>\n<p>Es fundamental que la sociedad rechace en\u00e9rgicamente cualquier manifestaci\u00f3n de odio y violencia, especialmente cuando se dirige hacia personas por su orientaci\u00f3n sexual. La m\u00fasica y el arte deben ser espacios de inclusi\u00f3n y respeto, donde cada individuo pueda expresarse libremente sin temor a ser juzgado o agredido.<\/p>\n<p>Esperamos que este incidente sirva como un llamado de atenci\u00f3n para reflexionar sobre la necesidad de construir una sociedad m\u00e1s tolerante y respetuosa, donde todos puedan vivir en libertad y seguridad. Solidaridad con M\u00e9trika y con todas las personas que han sido v\u00edctimas de discriminaci\u00f3n, y un llamado a la uni\u00f3n y al amor como valores fundamentales para construir un mundo mejor.<\/p>\n","protected":false},"excerpt":{"rendered":"<p>La reconocida cantante M\u00e9trika vivi\u00f3 una noche de terror durante su presentaci\u00f3n en las fiestas de Burgos, donde fue v\u00edctima de agresiones hom\u00f3fobas por parte de algunos asistentes al concierto. A trav\u00e9s de sus redes sociales, la artista denunci\u00f3 el lamentable episodio de discriminaci\u00f3n que sufri\u00f3 en pleno escenario, mostrando su consternaci\u00f3n y repudio hacia [&hellip;]<\/p>\n","protected":false},"author":1,"featured_media":7816,"comment_status":"open","ping_status":"closed","sticky":false,"template":"","format":"standard","meta":{"_monsterinsights_skip_tracking":false,"_monsterinsights_sitenote_active":false,"_monsterinsights_sitenote_note":"","_monsterinsights_sitenote_category":0,"site-container-style":"default","site-container-layout":"default","site-sidebar-layout":"default","disable-article-header":"default","disable-site-header":"default","disable-site-footer":"default","disable-content-area-spacing":"default","_jetpack_memberships_contains_paid_content":false,"footnotes":"","jetpack_publicize_message":"","jetpack_publicize_feature_enabled":true,"jetpack_social_post_already_shared":true,"jetpack_social_options":{"image_generator_settings":{"template":"highway","default_image_id":0,"font":"","enabled":false},"version":2}},"categories":[1],"tags":[],"class_list":["post-7815","post","type-post","status-publish","format-standard","has-post-thumbnail","hentry","category-uncategorized"],"jetpack_publicize_connections":[],"jetpack_featured_media_url":"https:\/\/987aldia.com\/web\/wp-content\/uploads\/2025\/07\/686342b959648.jpg","jetpack_sharing_enabled":true,"_links":{"self":[{"href":"https:\/\/987aldia.com\/web\/wp-json\/wp\/v2\/posts\/7815","targetHints":{"allow":["GET"]}}],"collection":[{"href":"https:\/\/987aldia.com\/web\/wp-json\/wp\/v2\/posts"}],"about":[{"href":"https:\/\/987aldia.com\/web\/wp-json\/wp\/v2\/types\/post"}],"author":[{"embeddable":true,"href":"https:\/\/987aldia.com\/web\/wp-json\/wp\/v2\/users\/1"}],"replies":[{"embeddable":true,"href":"https:\/\/987aldia.com\/web\/wp-json\/wp\/v2\/comments?post=7815"}],"version-history":[{"count":0,"href":"https:\/\/987aldia.com\/web\/wp-json\/wp\/v2\/posts\/7815\/revisions"}],"wp:featuredmedia":[{"embeddable":true,"href":"https:\/\/987aldia.com\/web\/wp-json\/wp\/v2\/media\/7816"}],"wp:attachment":[{"href":"https:\/\/987aldia.com\/web\/wp-json\/wp\/v2\/media?parent=7815"}],"wp:term":[{"taxonomy":"category","embeddable":true,"href":"https:\/\/987aldia.com\/web\/wp-json\/wp\/v2\/categories?post=7815"},{"taxonomy":"post_tag","embeddable":true,"href":"https:\/\/987aldia.com\/web\/wp-json\/wp\/v2\/tags?post=7815"}],"curies":[{"name":"wp","href":"https:\/\/api.w.org\/{rel}","templated":true}]}}