{"id":7996,"date":"2025-07-11T04:05:49","date_gmt":"2025-07-11T02:05:49","guid":{"rendered":"https:\/\/987aldia.com\/web\/el-centro-de-interpretacion-de-santa-marina-del-sil-invita-a-los-pescadores-al-festival-de-la-carpa\/"},"modified":"2025-07-11T04:05:49","modified_gmt":"2025-07-11T02:05:49","slug":"el-centro-de-interpretacion-de-santa-marina-del-sil-invita-a-los-pescadores-al-festival-de-la-carpa","status":"publish","type":"post","link":"https:\/\/987aldia.com\/web\/el-centro-de-interpretacion-de-santa-marina-del-sil-invita-a-los-pescadores-al-festival-de-la-carpa\/","title":{"rendered":"El Centro de Interpretaci\u00f3n de Santa Marina del Sil invita a los pescadores al Festival de la Carpa"},"content":{"rendered":"<p>El Centro de Interpretaci\u00f3n de la Trucha (CIT) de Santa Marina del Sil ha convocado a todos los pescadores de la regi\u00f3n al esperado Festival de la Carpa. Este evento, que se llevar\u00e1 a cabo en la cola del embalse de B\u00e1rcena, promete ser una jornada llena de emoci\u00f3n y diversi\u00f3n para los amantes de la pesca.<\/p>\n<p>El Festival de la Carpa se celebrar\u00e1 este pr\u00f3ximo s\u00e1bado y contar\u00e1 con atractivos premios para los participantes, as\u00ed como diversas actividades para disfrutar en familia. Los organizadores han preparado una jornada especial en la que se fomentar\u00e1 la convivencia y el compa\u00f1erismo entre los pescadores de la zona.<\/p>\n<p>Se espera que este festival sea un \u00e9xito y que re\u00fana a numerosos aficionados a la pesca que buscan compartir su pasi\u00f3n y disfrutar de un d\u00eda al aire libre en un entorno natural privilegiado.<\/p>\n<p>\u00a1No te pierdas el Festival de la Carpa en el embalse de B\u00e1rcena este s\u00e1bado y \u00fanete a la diversi\u00f3n junto al CIT de Santa Marina del Sil!<\/p>\n","protected":false},"excerpt":{"rendered":"<p>El Centro de Interpretaci\u00f3n de la Trucha (CIT) de Santa Marina del Sil ha convocado a todos los pescadores de la regi\u00f3n al esperado Festival de la Carpa. Este evento, que se llevar\u00e1 a cabo en la cola del embalse de B\u00e1rcena, promete ser una jornada llena de emoci\u00f3n y diversi\u00f3n para los amantes de [&hellip;]<\/p>\n","protected":false},"author":1,"featured_media":7997,"comment_status":"open","ping_status":"closed","sticky":false,"template":"","format":"standard","meta":{"_monsterinsights_skip_tracking":false,"_monsterinsights_sitenote_active":false,"_monsterinsights_sitenote_note":"","_monsterinsights_sitenote_category":0,"site-container-style":"default","site-container-layout":"default","site-sidebar-layout":"default","disable-article-header":"default","disable-site-header":"default","disable-site-footer":"default","disable-content-area-spacing":"default","_jetpack_memberships_contains_paid_content":false,"footnotes":"","jetpack_publicize_message":"","jetpack_publicize_feature_enabled":true,"jetpack_social_post_already_shared":true,"jetpack_social_options":{"image_generator_settings":{"template":"highway","default_image_id":0,"font":"","enabled":false},"version":2}},"categories":[1],"tags":[],"class_list":["post-7996","post","type-post","status-publish","format-standard","has-post-thumbnail","hentry","category-uncategorized"],"jetpack_publicize_connections":[],"jetpack_featured_media_url":"https:\/\/987aldia.com\/web\/wp-content\/uploads\/2025\/07\/6870717d8e42b.jpg","jetpack_sharing_enabled":true,"_links":{"self":[{"href":"https:\/\/987aldia.com\/web\/wp-json\/wp\/v2\/posts\/7996","targetHints":{"allow":["GET"]}}],"collection":[{"href":"https:\/\/987aldia.com\/web\/wp-json\/wp\/v2\/posts"}],"about":[{"href":"https:\/\/987aldia.com\/web\/wp-json\/wp\/v2\/types\/post"}],"author":[{"embeddable":true,"href":"https:\/\/987aldia.com\/web\/wp-json\/wp\/v2\/users\/1"}],"replies":[{"embeddable":true,"href":"https:\/\/987aldia.com\/web\/wp-json\/wp\/v2\/comments?post=7996"}],"version-history":[{"count":0,"href":"https:\/\/987aldia.com\/web\/wp-json\/wp\/v2\/posts\/7996\/revisions"}],"wp:featuredmedia":[{"embeddable":true,"href":"https:\/\/987aldia.com\/web\/wp-json\/wp\/v2\/media\/7997"}],"wp:attachment":[{"href":"https:\/\/987aldia.com\/web\/wp-json\/wp\/v2\/media?parent=7996"}],"wp:term":[{"taxonomy":"category","embeddable":true,"href":"https:\/\/987aldia.com\/web\/wp-json\/wp\/v2\/categories?post=7996"},{"taxonomy":"post_tag","embeddable":true,"href":"https:\/\/987aldia.com\/web\/wp-json\/wp\/v2\/tags?post=7996"}],"curies":[{"name":"wp","href":"https:\/\/api.w.org\/{rel}","templated":true}]}}