{"id":8002,"date":"2025-07-11T10:05:35","date_gmt":"2025-07-11T08:05:35","guid":{"rendered":"https:\/\/987aldia.com\/web\/el-poligono-del-bayo-en-cubillos-del-sil-alcanza-un-80-de-ocupacion-con-la-reserva-de-parcelas\/"},"modified":"2025-07-11T10:05:35","modified_gmt":"2025-07-11T08:05:35","slug":"el-poligono-del-bayo-en-cubillos-del-sil-alcanza-un-80-de-ocupacion-con-la-reserva-de-parcelas","status":"publish","type":"post","link":"https:\/\/987aldia.com\/web\/el-poligono-del-bayo-en-cubillos-del-sil-alcanza-un-80-de-ocupacion-con-la-reserva-de-parcelas\/","title":{"rendered":"El Pol\u00edgono del Bayo en Cubillos del Sil alcanza un 80% de ocupaci\u00f3n con la reserva de parcelas."},"content":{"rendered":"<p>El pol\u00edgono industrial del Bayo, ubicado en Cubillos del Sil, est\u00e1 experimentando un notable crecimiento con un 80% de sus parcelas ya reservadas. El consejero de Econom\u00eda y Empleo, Juan Carlos Qui\u00f1ones, anunci\u00f3 que durante este mes se llevar\u00e1 a cabo la licitaci\u00f3n de la Estaci\u00f3n Depuradora de Aguas Residuales (Edar) que dar\u00e1 servicio a toda la zona industrial.<\/p>\n<p>Este avance en la ocupaci\u00f3n del pol\u00edgono del Bayo supone una buena noticia para la econom\u00eda local y regional, ya que la instalaci\u00f3n de empresas en esta \u00e1rea contribuir\u00e1 a la generaci\u00f3n de empleo y al impulso de la actividad econ\u00f3mica en la zona. Adem\u00e1s, la pr\u00f3xima licitaci\u00f3n de la Edar garantizar\u00e1 un adecuado tratamiento de aguas residuales, promoviendo as\u00ed el desarrollo sostenible y respetuoso con el medio ambiente en la regi\u00f3n.<\/p>\n<p>Se espera que la puesta en marcha de la Edar y la ocupaci\u00f3n de las parcelas restantes en el pol\u00edgono del Bayo dinamicen el sector industrial en Cubillos del Sil y sus alrededores, atrayendo nuevas inversiones y fomentando la creaci\u00f3n de m\u00e1s puestos de trabajo en la zona.<\/p>\n","protected":false},"excerpt":{"rendered":"<p>El pol\u00edgono industrial del Bayo, ubicado en Cubillos del Sil, est\u00e1 experimentando un notable crecimiento con un 80% de sus parcelas ya reservadas. El consejero de Econom\u00eda y Empleo, Juan Carlos Qui\u00f1ones, anunci\u00f3 que durante este mes se llevar\u00e1 a cabo la licitaci\u00f3n de la Estaci\u00f3n Depuradora de Aguas Residuales (Edar) que dar\u00e1 servicio a [&hellip;]<\/p>\n","protected":false},"author":1,"featured_media":8003,"comment_status":"open","ping_status":"closed","sticky":false,"template":"","format":"standard","meta":{"_monsterinsights_skip_tracking":false,"_monsterinsights_sitenote_active":false,"_monsterinsights_sitenote_note":"","_monsterinsights_sitenote_category":0,"site-container-style":"default","site-container-layout":"default","site-sidebar-layout":"default","disable-article-header":"default","disable-site-header":"default","disable-site-footer":"default","disable-content-area-spacing":"default","_jetpack_memberships_contains_paid_content":false,"footnotes":"","jetpack_publicize_message":"","jetpack_publicize_feature_enabled":true,"jetpack_social_post_already_shared":true,"jetpack_social_options":{"image_generator_settings":{"template":"highway","default_image_id":0,"font":"","enabled":false},"version":2}},"categories":[1],"tags":[],"class_list":["post-8002","post","type-post","status-publish","format-standard","has-post-thumbnail","hentry","category-uncategorized"],"jetpack_publicize_connections":[],"jetpack_featured_media_url":"https:\/\/987aldia.com\/web\/wp-content\/uploads\/2025\/07\/6870c5cff10fa.jpg","jetpack_sharing_enabled":true,"_links":{"self":[{"href":"https:\/\/987aldia.com\/web\/wp-json\/wp\/v2\/posts\/8002","targetHints":{"allow":["GET"]}}],"collection":[{"href":"https:\/\/987aldia.com\/web\/wp-json\/wp\/v2\/posts"}],"about":[{"href":"https:\/\/987aldia.com\/web\/wp-json\/wp\/v2\/types\/post"}],"author":[{"embeddable":true,"href":"https:\/\/987aldia.com\/web\/wp-json\/wp\/v2\/users\/1"}],"replies":[{"embeddable":true,"href":"https:\/\/987aldia.com\/web\/wp-json\/wp\/v2\/comments?post=8002"}],"version-history":[{"count":0,"href":"https:\/\/987aldia.com\/web\/wp-json\/wp\/v2\/posts\/8002\/revisions"}],"wp:featuredmedia":[{"embeddable":true,"href":"https:\/\/987aldia.com\/web\/wp-json\/wp\/v2\/media\/8003"}],"wp:attachment":[{"href":"https:\/\/987aldia.com\/web\/wp-json\/wp\/v2\/media?parent=8002"}],"wp:term":[{"taxonomy":"category","embeddable":true,"href":"https:\/\/987aldia.com\/web\/wp-json\/wp\/v2\/categories?post=8002"},{"taxonomy":"post_tag","embeddable":true,"href":"https:\/\/987aldia.com\/web\/wp-json\/wp\/v2\/tags?post=8002"}],"curies":[{"name":"wp","href":"https:\/\/api.w.org\/{rel}","templated":true}]}}