{"id":8006,"date":"2025-07-11T14:05:27","date_gmt":"2025-07-11T12:05:27","guid":{"rendered":"https:\/\/987aldia.com\/web\/raul-perez-enologo-de-el-bierzo-galardonado-con-el-premio-fundacion-uemc-2025\/"},"modified":"2025-07-11T14:05:27","modified_gmt":"2025-07-11T12:05:27","slug":"raul-perez-enologo-de-el-bierzo-galardonado-con-el-premio-fundacion-uemc-2025","status":"publish","type":"post","link":"https:\/\/987aldia.com\/web\/raul-perez-enologo-de-el-bierzo-galardonado-con-el-premio-fundacion-uemc-2025\/","title":{"rendered":"Ra\u00fal P\u00e9rez, en\u00f3logo de El Bierzo, galardonado con el Premio Fundaci\u00f3n Uemc 2025"},"content":{"rendered":"<p>El reconocido en\u00f3logo berciano Ra\u00fal P\u00e9rez ha sido galardonado con el prestigioso Premio Fundaci\u00f3n Uemc 2025, en reconocimiento a su destacada trayectoria y aportes al sector vitivin\u00edcola a nivel mundial. P\u00e9rez, reconocido como un referente en la industria del vino, ser\u00e1 honrado con este premio el pr\u00f3ximo 17 de julio en Valladolid, durante el transcurso del Curso de Verano \u201cLa trastienda del vino\u201d.<\/p>\n<p>Este reconocimiento destaca la labor y la pasi\u00f3n de Ra\u00fal P\u00e9rez por la enolog\u00eda, as\u00ed como su habilidad para crear vinos de alta calidad que han conquistado paladares alrededor del mundo. La entrega de este galard\u00f3n en Valladolid, una ciudad con una rica tradici\u00f3n vin\u00edcola, a\u00f1ade un valor especial a la celebraci\u00f3n de este premio que reconoce la excelencia y el talento en la industria vitivin\u00edcola.<\/p>\n<p>Ra\u00fal P\u00e9rez, con su experiencia y conocimiento enol\u00f3gico, ha logrado posicionarse como un l\u00edder en su campo, siendo un orgullo para la regi\u00f3n de El Bierzo y para toda Espa\u00f1a. La comunidad vitivin\u00edcola aplaude este merecido reconocimiento que destaca la dedicaci\u00f3n y el compromiso de P\u00e9rez con el arte de la elaboraci\u00f3n del vino, un arte que trasciende fronteras y que encuentra en este en\u00f3logo un aut\u00e9ntico maestro.<\/p>\n","protected":false},"excerpt":{"rendered":"<p>El reconocido en\u00f3logo berciano Ra\u00fal P\u00e9rez ha sido galardonado con el prestigioso Premio Fundaci\u00f3n Uemc 2025, en reconocimiento a su destacada trayectoria y aportes al sector vitivin\u00edcola a nivel mundial. P\u00e9rez, reconocido como un referente en la industria del vino, ser\u00e1 honrado con este premio el pr\u00f3ximo 17 de julio en Valladolid, durante el transcurso [&hellip;]<\/p>\n","protected":false},"author":1,"featured_media":8007,"comment_status":"open","ping_status":"closed","sticky":false,"template":"","format":"standard","meta":{"_monsterinsights_skip_tracking":false,"_monsterinsights_sitenote_active":false,"_monsterinsights_sitenote_note":"","_monsterinsights_sitenote_category":0,"site-container-style":"default","site-container-layout":"default","site-sidebar-layout":"default","disable-article-header":"default","disable-site-header":"default","disable-site-footer":"default","disable-content-area-spacing":"default","_jetpack_memberships_contains_paid_content":false,"footnotes":"","jetpack_publicize_message":"","jetpack_publicize_feature_enabled":true,"jetpack_social_post_already_shared":true,"jetpack_social_options":{"image_generator_settings":{"template":"highway","default_image_id":0,"font":"","enabled":false},"version":2}},"categories":[1],"tags":[],"class_list":["post-8006","post","type-post","status-publish","format-standard","has-post-thumbnail","hentry","category-uncategorized"],"jetpack_publicize_connections":[],"jetpack_featured_media_url":"https:\/\/987aldia.com\/web\/wp-content\/uploads\/2025\/07\/6870fe0718b16.jpg","jetpack_sharing_enabled":true,"_links":{"self":[{"href":"https:\/\/987aldia.com\/web\/wp-json\/wp\/v2\/posts\/8006","targetHints":{"allow":["GET"]}}],"collection":[{"href":"https:\/\/987aldia.com\/web\/wp-json\/wp\/v2\/posts"}],"about":[{"href":"https:\/\/987aldia.com\/web\/wp-json\/wp\/v2\/types\/post"}],"author":[{"embeddable":true,"href":"https:\/\/987aldia.com\/web\/wp-json\/wp\/v2\/users\/1"}],"replies":[{"embeddable":true,"href":"https:\/\/987aldia.com\/web\/wp-json\/wp\/v2\/comments?post=8006"}],"version-history":[{"count":0,"href":"https:\/\/987aldia.com\/web\/wp-json\/wp\/v2\/posts\/8006\/revisions"}],"wp:featuredmedia":[{"embeddable":true,"href":"https:\/\/987aldia.com\/web\/wp-json\/wp\/v2\/media\/8007"}],"wp:attachment":[{"href":"https:\/\/987aldia.com\/web\/wp-json\/wp\/v2\/media?parent=8006"}],"wp:term":[{"taxonomy":"category","embeddable":true,"href":"https:\/\/987aldia.com\/web\/wp-json\/wp\/v2\/categories?post=8006"},{"taxonomy":"post_tag","embeddable":true,"href":"https:\/\/987aldia.com\/web\/wp-json\/wp\/v2\/tags?post=8006"}],"curies":[{"name":"wp","href":"https:\/\/api.w.org\/{rel}","templated":true}]}}