{"id":8008,"date":"2025-07-11T16:05:43","date_gmt":"2025-07-11T14:05:43","guid":{"rendered":"https:\/\/987aldia.com\/web\/fabero-inaugura-museo-de-la-lucha-minera-rememorando-una-transicion-industrial-frustrada\/"},"modified":"2025-07-11T16:05:43","modified_gmt":"2025-07-11T14:05:43","slug":"fabero-inaugura-museo-de-la-lucha-minera-rememorando-una-transicion-industrial-frustrada","status":"publish","type":"post","link":"https:\/\/987aldia.com\/web\/fabero-inaugura-museo-de-la-lucha-minera-rememorando-una-transicion-industrial-frustrada\/","title":{"rendered":"Fabero inaugura museo de la lucha minera rememorando una transici\u00f3n industrial frustrada"},"content":{"rendered":"<p>El municipio de Fabero inaugura un nuevo cap\u00edtulo en su historia con la apertura del museo de la lucha minera, un espacio dedicado a preservar la memoria de una actividad que marc\u00f3 la identidad de la localidad durante d\u00e9cadas. Sin embargo, la alegr\u00eda de este hito se ve empa\u00f1ada por la sombra de una transici\u00f3n industrial fallida, que dej\u00f3 a la regi\u00f3n en una situaci\u00f3n de incertidumbre y desempleo.<\/p>\n<p>La alcaldesa de Fabero, Mari Paz Mart\u00ednez, acompa\u00f1ada por representantes de los sindicatos UGT y CC OO, aprovecharon la ocasi\u00f3n para recordar la importancia de la lucha obrera y la necesidad de seguir reivindicando los derechos de los trabajadores. En un contexto en el que la miner\u00eda ha perdido gran parte de su relevancia econ\u00f3mica, este museo se erige como un s\u00edmbolo de resistencia y un recordatorio de los sacrificios realizados por generaciones pasadas.<\/p>\n<p>A pesar de los desaf\u00edos que enfrenta la regi\u00f3n, la apertura de este museo representa una oportunidad para reflexionar sobre el pasado y proyectar un futuro en el que la diversificaci\u00f3n econ\u00f3mica y el respeto por la historia local sean pilares fundamentales en la construcci\u00f3n de una sociedad m\u00e1s justa y equitativa.<\/p>\n","protected":false},"excerpt":{"rendered":"<p>El municipio de Fabero inaugura un nuevo cap\u00edtulo en su historia con la apertura del museo de la lucha minera, un espacio dedicado a preservar la memoria de una actividad que marc\u00f3 la identidad de la localidad durante d\u00e9cadas. Sin embargo, la alegr\u00eda de este hito se ve empa\u00f1ada por la sombra de una transici\u00f3n [&hellip;]<\/p>\n","protected":false},"author":1,"featured_media":8009,"comment_status":"open","ping_status":"closed","sticky":false,"template":"","format":"standard","meta":{"_monsterinsights_skip_tracking":false,"_monsterinsights_sitenote_active":false,"_monsterinsights_sitenote_note":"","_monsterinsights_sitenote_category":0,"site-container-style":"default","site-container-layout":"default","site-sidebar-layout":"default","disable-article-header":"default","disable-site-header":"default","disable-site-footer":"default","disable-content-area-spacing":"default","_jetpack_memberships_contains_paid_content":false,"footnotes":"","jetpack_publicize_message":"","jetpack_publicize_feature_enabled":true,"jetpack_social_post_already_shared":true,"jetpack_social_options":{"image_generator_settings":{"template":"highway","default_image_id":0,"font":"","enabled":false},"version":2}},"categories":[1],"tags":[],"class_list":["post-8008","post","type-post","status-publish","format-standard","has-post-thumbnail","hentry","category-uncategorized"],"jetpack_publicize_connections":[],"jetpack_featured_media_url":"https:\/\/987aldia.com\/web\/wp-content\/uploads\/2025\/07\/68711a376ca7f.jpg","jetpack_sharing_enabled":true,"_links":{"self":[{"href":"https:\/\/987aldia.com\/web\/wp-json\/wp\/v2\/posts\/8008","targetHints":{"allow":["GET"]}}],"collection":[{"href":"https:\/\/987aldia.com\/web\/wp-json\/wp\/v2\/posts"}],"about":[{"href":"https:\/\/987aldia.com\/web\/wp-json\/wp\/v2\/types\/post"}],"author":[{"embeddable":true,"href":"https:\/\/987aldia.com\/web\/wp-json\/wp\/v2\/users\/1"}],"replies":[{"embeddable":true,"href":"https:\/\/987aldia.com\/web\/wp-json\/wp\/v2\/comments?post=8008"}],"version-history":[{"count":0,"href":"https:\/\/987aldia.com\/web\/wp-json\/wp\/v2\/posts\/8008\/revisions"}],"wp:featuredmedia":[{"embeddable":true,"href":"https:\/\/987aldia.com\/web\/wp-json\/wp\/v2\/media\/8009"}],"wp:attachment":[{"href":"https:\/\/987aldia.com\/web\/wp-json\/wp\/v2\/media?parent=8008"}],"wp:term":[{"taxonomy":"category","embeddable":true,"href":"https:\/\/987aldia.com\/web\/wp-json\/wp\/v2\/categories?post=8008"},{"taxonomy":"post_tag","embeddable":true,"href":"https:\/\/987aldia.com\/web\/wp-json\/wp\/v2\/tags?post=8008"}],"curies":[{"name":"wp","href":"https:\/\/api.w.org\/{rel}","templated":true}]}}